{"id":13938,"date":"2019-09-16T16:35:44","date_gmt":"2019-09-16T16:35:44","guid":{"rendered":"http:\/\/blogdorogeriogomes.com.br\/?p=13938"},"modified":"2019-09-16T16:35:44","modified_gmt":"2019-09-16T16:35:44","slug":"camilo-santana-negocia-a-compra-de-mais-dois-helicopteros-para-a-ciopaer-na-alemanha","status":"publish","type":"post","link":"https:\/\/blogdorogeriogomes.com.br\/noticias\/2019\/09\/camilo-santana-negocia-a-compra-de-mais-dois-helicopteros-para-a-ciopaer-na-alemanha\/","title":{"rendered":"Camilo Santana negocia a compra de mais dois helic\u00f3pteros para a Ciopaer na Alemanha"},"content":{"rendered":"<p><img loading=\"lazy\" decoding=\"async\" class=\"alignnone size-medium wp-image-13939\" src=\"http:\/\/blogdorogeriogomes.com.br\/wp-content\/uploads\/2019\/09\/IMG_20190916_133038_853-300x225.jpg\" alt=\"IMG_20190916_133038_853\" width=\"300\" height=\"225\" srcset=\"https:\/\/blogdorogeriogomes.com.br\/noticias\/wp-content\/uploads\/2019\/09\/IMG_20190916_133038_853-300x225.jpg 300w, https:\/\/blogdorogeriogomes.com.br\/noticias\/wp-content\/uploads\/2019\/09\/IMG_20190916_133038_853-768x576.jpg 768w, https:\/\/blogdorogeriogomes.com.br\/noticias\/wp-content\/uploads\/2019\/09\/IMG_20190916_133038_853.jpg 960w\" sizes=\"auto, (max-width: 300px) 100vw, 300px\" \/><\/p>\n<p>O governador do Cear\u00e1, Camilo Santana, esteve reunido com a dire\u00e7\u00e3o da Airbus na sede da empresa na Alemanha, nesta segunda-feira, dia 16 de setembro, para tratar sobre a aquisi\u00e7\u00e3o de mais dois helic\u00f3pteros para a Ciopaer. As aeronaves v\u00e3o refor\u00e7ar a frota da seguran\u00e7a p\u00fablica do Estado. A Ciopaer conta hoje com bases em Fortaleza, Sobral, Juazeiro e Quixad\u00e1. A pr\u00f3xima base a ser instalada ficar\u00e1 em Crate\u00fas.<br \/>\nOs helic\u00f3pteros da Ciopaer s\u00e3o utilizados diariamente no combate ao crime, mas tamb\u00e9m ajudam a salvar vidas, atrav\u00e9s do transporte aerom\u00e9dico em todo o Cear\u00e1. A frota hoje \u00e9 de nove helic\u00f3pteros, sendo seis biturbina, e um avi\u00e3o modelo Cessna 210.<\/p>\n","protected":false},"excerpt":{"rendered":"<p>O governador do Cear\u00e1, Camilo Santana, esteve reunido com a dire\u00e7\u00e3o da Airbus na sede da empresa na Alemanha, nesta segunda-feira, dia 16 de setembro, para tratar sobre a aquisi\u00e7\u00e3o de mais dois helic\u00f3pteros para a Ciopaer. As aeronaves v\u00e3o refor\u00e7ar a frota da seguran\u00e7a p\u00fablica do Estado. A Ciopaer conta hoje com bases em Fortaleza, Sobral, Juazeiro e Quixad\u00e1. A pr\u00f3xima base a ser instalada ficar\u00e1 em Crate\u00fas. Os helic\u00f3pteros da Ciopaer s\u00e3o utilizados diariamente no combate ao&hellip;<\/p>\n","protected":false},"author":1,"featured_media":0,"comment_status":"open","ping_status":"open","sticky":false,"template":"","format":"standard","meta":{"footnotes":""},"categories":[1],"tags":[],"class_list":["post-13938","post","type-post","status-publish","format-standard","hentry","category-noticias"],"_links":{"self":[{"href":"https:\/\/blogdorogeriogomes.com.br\/noticias\/wp-json\/wp\/v2\/posts\/13938","targetHints":{"allow":["GET"]}}],"collection":[{"href":"https:\/\/blogdorogeriogomes.com.br\/noticias\/wp-json\/wp\/v2\/posts"}],"about":[{"href":"https:\/\/blogdorogeriogomes.com.br\/noticias\/wp-json\/wp\/v2\/types\/post"}],"author":[{"embeddable":true,"href":"https:\/\/blogdorogeriogomes.com.br\/noticias\/wp-json\/wp\/v2\/users\/1"}],"replies":[{"embeddable":true,"href":"https:\/\/blogdorogeriogomes.com.br\/noticias\/wp-json\/wp\/v2\/comments?post=13938"}],"version-history":[{"count":1,"href":"https:\/\/blogdorogeriogomes.com.br\/noticias\/wp-json\/wp\/v2\/posts\/13938\/revisions"}],"predecessor-version":[{"id":13940,"href":"https:\/\/blogdorogeriogomes.com.br\/noticias\/wp-json\/wp\/v2\/posts\/13938\/revisions\/13940"}],"wp:attachment":[{"href":"https:\/\/blogdorogeriogomes.com.br\/noticias\/wp-json\/wp\/v2\/media?parent=13938"}],"wp:term":[{"taxonomy":"category","embeddable":true,"href":"https:\/\/blogdorogeriogomes.com.br\/noticias\/wp-json\/wp\/v2\/categories?post=13938"},{"taxonomy":"post_tag","embeddable":true,"href":"https:\/\/blogdorogeriogomes.com.br\/noticias\/wp-json\/wp\/v2\/tags?post=13938"}],"curies":[{"name":"wp","href":"https:\/\/api.w.org\/{rel}","templated":true}]}}