{"id":13945,"date":"2019-09-17T09:05:16","date_gmt":"2019-09-17T09:05:16","guid":{"rendered":"http:\/\/blogdorogeriogomes.com.br\/?p=13945"},"modified":"2019-09-17T09:05:16","modified_gmt":"2019-09-17T09:05:16","slug":"temer-diz-no-roda-viva-que-nao-se-empenhou-no-que-ele-mesmo-chamou-de-golpe-contra-dilma","status":"publish","type":"post","link":"https:\/\/blogdorogeriogomes.com.br\/noticias\/2019\/09\/temer-diz-no-roda-viva-que-nao-se-empenhou-no-que-ele-mesmo-chamou-de-golpe-contra-dilma\/","title":{"rendered":"Temer diz no \u201cRoda Viva\u201d que n\u00e3o se empenhou no que ele mesmo chamou de \u201cgolpe\u201d contra Dilma"},"content":{"rendered":"<p><img loading=\"lazy\" decoding=\"async\" class=\"alignnone size-medium wp-image-13946\" src=\"http:\/\/blogdorogeriogomes.com.br\/wp-content\/uploads\/2019\/09\/IMG_20190917_060109_105-300x254.jpg\" alt=\"IMG_20190917_060109_105\" width=\"300\" height=\"254\" srcset=\"https:\/\/blogdorogeriogomes.com.br\/noticias\/wp-content\/uploads\/2019\/09\/IMG_20190917_060109_105-300x254.jpg 300w, https:\/\/blogdorogeriogomes.com.br\/noticias\/wp-content\/uploads\/2019\/09\/IMG_20190917_060109_105.jpg 506w\" sizes=\"auto, (max-width: 300px) 100vw, 300px\" \/><\/p>\n<p>Nada melhor que o passar do tempo para personagens da Hist\u00f3ria darem as suas vers\u00f5es dos fatos. O ex-presidente Michel Temer (MDB) afirmou, em entrevista concedida ao programa Roda Viva, da TV Cultura, nesta segunda-feira, dia 16 de setembro, que n\u00e3o se empenhou ou apoiou o que chamou de golpe, ao comentar sobre o fato de ter sido chamado de &#8220;golpista&#8221; durante o processo de impeachment deflagrado em 2016 contra a ex-presidente Dilma Rousseff (PT), que encabe\u00e7ava a chapa formada por Partido dos Trabalhadores e MDB eleita em 2014.<br \/>\n&#8220;Eu jamais apoiei ou fiz empenho pelo golpe. Ali\u00e1s, muito recentemente, o jornal Folha detectou um telefonema onde o ex-presidente Lula me deu, onde ele pleiteava e depois esteve comigo para trazer o PMDB para impedir o impedimento. E eu tentei, mas a esta altura, eu confesso, que a movimenta\u00e7\u00e3o popular era t\u00e3o grande e t\u00e3o intensa que os partidos j\u00e1 estavam mais ou menos vocacionados para a ideia do impedimento&#8221;, disse Temer.<br \/>\nO ex-presidente Michel Temer disse no programa Roda Viva que &#8220;se Lula fosse nomeado ministro, o impeachment de Dilma n\u00e3o teria acontecido (&#8230;) Ele tinha bom contato com o Congresso.\u201d<\/p>\n","protected":false},"excerpt":{"rendered":"<p>Nada melhor que o passar do tempo para personagens da Hist\u00f3ria darem as suas vers\u00f5es dos fatos. O ex-presidente Michel Temer (MDB) afirmou, em entrevista concedida ao programa Roda Viva, da TV Cultura, nesta segunda-feira, dia 16 de setembro, que n\u00e3o se empenhou ou apoiou o que chamou de golpe, ao comentar sobre o fato de ter sido chamado de &#8220;golpista&#8221; durante o processo de impeachment deflagrado em 2016 contra a ex-presidente Dilma Rousseff (PT), que encabe\u00e7ava a chapa&hellip;<\/p>\n","protected":false},"author":1,"featured_media":0,"comment_status":"open","ping_status":"open","sticky":false,"template":"","format":"standard","meta":{"footnotes":""},"categories":[1],"tags":[],"class_list":["post-13945","post","type-post","status-publish","format-standard","hentry","category-noticias"],"_links":{"self":[{"href":"https:\/\/blogdorogeriogomes.com.br\/noticias\/wp-json\/wp\/v2\/posts\/13945","targetHints":{"allow":["GET"]}}],"collection":[{"href":"https:\/\/blogdorogeriogomes.com.br\/noticias\/wp-json\/wp\/v2\/posts"}],"about":[{"href":"https:\/\/blogdorogeriogomes.com.br\/noticias\/wp-json\/wp\/v2\/types\/post"}],"author":[{"embeddable":true,"href":"https:\/\/blogdorogeriogomes.com.br\/noticias\/wp-json\/wp\/v2\/users\/1"}],"replies":[{"embeddable":true,"href":"https:\/\/blogdorogeriogomes.com.br\/noticias\/wp-json\/wp\/v2\/comments?post=13945"}],"version-history":[{"count":1,"href":"https:\/\/blogdorogeriogomes.com.br\/noticias\/wp-json\/wp\/v2\/posts\/13945\/revisions"}],"predecessor-version":[{"id":13947,"href":"https:\/\/blogdorogeriogomes.com.br\/noticias\/wp-json\/wp\/v2\/posts\/13945\/revisions\/13947"}],"wp:attachment":[{"href":"https:\/\/blogdorogeriogomes.com.br\/noticias\/wp-json\/wp\/v2\/media?parent=13945"}],"wp:term":[{"taxonomy":"category","embeddable":true,"href":"https:\/\/blogdorogeriogomes.com.br\/noticias\/wp-json\/wp\/v2\/categories?post=13945"},{"taxonomy":"post_tag","embeddable":true,"href":"https:\/\/blogdorogeriogomes.com.br\/noticias\/wp-json\/wp\/v2\/tags?post=13945"}],"curies":[{"name":"wp","href":"https:\/\/api.w.org\/{rel}","templated":true}]}}