{"id":13948,"date":"2019-09-17T09:15:28","date_gmt":"2019-09-17T09:15:28","guid":{"rendered":"http:\/\/blogdorogeriogomes.com.br\/?p=13948"},"modified":"2019-09-17T11:21:42","modified_gmt":"2019-09-17T11:21:42","slug":"mudancas-na-legislacao-eleitoral-e-partidaria-podem-ser-votada-nesta-terca-feira-no-senado","status":"publish","type":"post","link":"https:\/\/blogdorogeriogomes.com.br\/noticias\/2019\/09\/mudancas-na-legislacao-eleitoral-e-partidaria-podem-ser-votada-nesta-terca-feira-no-senado\/","title":{"rendered":"Mudan\u00e7as na legisla\u00e7\u00e3o eleitoral e partid\u00e1ria podem ser votadas nesta ter\u00e7a-feira no Senado"},"content":{"rendered":"<p><img loading=\"lazy\" decoding=\"async\" class=\"alignnone size-medium wp-image-13949\" src=\"http:\/\/blogdorogeriogomes.com.br\/wp-content\/uploads\/2019\/09\/IMG_20190917_061142_232-300x210.jpg\" alt=\"IMG_20190917_061142_232\" width=\"300\" height=\"210\" srcset=\"https:\/\/blogdorogeriogomes.com.br\/noticias\/wp-content\/uploads\/2019\/09\/IMG_20190917_061142_232-300x210.jpg 300w, https:\/\/blogdorogeriogomes.com.br\/noticias\/wp-content\/uploads\/2019\/09\/IMG_20190917_061142_232-768x538.jpg 768w, https:\/\/blogdorogeriogomes.com.br\/noticias\/wp-content\/uploads\/2019\/09\/IMG_20190917_061142_232.jpg 814w\" sizes=\"auto, (max-width: 300px) 100vw, 300px\" \/><\/p>\n<p>O projeto de lei que altera as legisla\u00e7\u00f5es eleitoral e partid\u00e1ria est\u00e1 pautado como o primeiro item das vota\u00e7\u00f5es no plen\u00e1rio do Senado nesta ter\u00e7a-feira, dia 17 de setembro, mas a falta de acordo entre os l\u00edderes da Casa deve dificultar a vota\u00e7\u00e3o da proposta.<br \/>\nO projeto prev\u00ea exce\u00e7\u00f5es ao limite de gastos de campanhas; estabelece novos itens nos quais podem ser usados recursos do Fundo Partid\u00e1rio; define crit\u00e9rios para an\u00e1lise de inelegibilidade; e autoriza o retorno da propaganda partid\u00e1ria semestral. Tamb\u00e9m altera regras relacionadas \u00e0 gest\u00e3o de partidos pol\u00edticos. Para que as novas regras possam valer nas elei\u00e7\u00f5es de 2020, \u00e9 necess\u00e1rio que as mudan\u00e7as sejam publicadas at\u00e9 o in\u00edcio de outubro, um ano antes do pleito.<br \/>\nO texto, de autoria do deputado federal cearense Domingos Neto (PSD) e de outros parlamentares, foi aprovado no in\u00edcio deste m\u00eas na C\u00e2mara dos Deputados.<\/p>\n","protected":false},"excerpt":{"rendered":"<p>O projeto de lei que altera as legisla\u00e7\u00f5es eleitoral e partid\u00e1ria est\u00e1 pautado como o primeiro item das vota\u00e7\u00f5es no plen\u00e1rio do Senado nesta ter\u00e7a-feira, dia 17 de setembro, mas a falta de acordo entre os l\u00edderes da Casa deve dificultar a vota\u00e7\u00e3o da proposta. O projeto prev\u00ea exce\u00e7\u00f5es ao limite de gastos de campanhas; estabelece novos itens nos quais podem ser usados recursos do Fundo Partid\u00e1rio; define crit\u00e9rios para an\u00e1lise de inelegibilidade; e autoriza o retorno da propaganda&hellip;<\/p>\n","protected":false},"author":1,"featured_media":0,"comment_status":"open","ping_status":"open","sticky":false,"template":"","format":"standard","meta":{"footnotes":""},"categories":[1],"tags":[],"class_list":["post-13948","post","type-post","status-publish","format-standard","hentry","category-noticias"],"_links":{"self":[{"href":"https:\/\/blogdorogeriogomes.com.br\/noticias\/wp-json\/wp\/v2\/posts\/13948","targetHints":{"allow":["GET"]}}],"collection":[{"href":"https:\/\/blogdorogeriogomes.com.br\/noticias\/wp-json\/wp\/v2\/posts"}],"about":[{"href":"https:\/\/blogdorogeriogomes.com.br\/noticias\/wp-json\/wp\/v2\/types\/post"}],"author":[{"embeddable":true,"href":"https:\/\/blogdorogeriogomes.com.br\/noticias\/wp-json\/wp\/v2\/users\/1"}],"replies":[{"embeddable":true,"href":"https:\/\/blogdorogeriogomes.com.br\/noticias\/wp-json\/wp\/v2\/comments?post=13948"}],"version-history":[{"count":2,"href":"https:\/\/blogdorogeriogomes.com.br\/noticias\/wp-json\/wp\/v2\/posts\/13948\/revisions"}],"predecessor-version":[{"id":13951,"href":"https:\/\/blogdorogeriogomes.com.br\/noticias\/wp-json\/wp\/v2\/posts\/13948\/revisions\/13951"}],"wp:attachment":[{"href":"https:\/\/blogdorogeriogomes.com.br\/noticias\/wp-json\/wp\/v2\/media?parent=13948"}],"wp:term":[{"taxonomy":"category","embeddable":true,"href":"https:\/\/blogdorogeriogomes.com.br\/noticias\/wp-json\/wp\/v2\/categories?post=13948"},{"taxonomy":"post_tag","embeddable":true,"href":"https:\/\/blogdorogeriogomes.com.br\/noticias\/wp-json\/wp\/v2\/tags?post=13948"}],"curies":[{"name":"wp","href":"https:\/\/api.w.org\/{rel}","templated":true}]}}