{"id":13952,"date":"2019-09-17T16:28:17","date_gmt":"2019-09-17T16:28:17","guid":{"rendered":"http:\/\/blogdorogeriogomes.com.br\/?p=13952"},"modified":"2019-09-17T16:28:17","modified_gmt":"2019-09-17T16:28:17","slug":"jose-sarto-participa-de-panfletagem-do-setembro-amarelo","status":"publish","type":"post","link":"https:\/\/blogdorogeriogomes.com.br\/noticias\/2019\/09\/jose-sarto-participa-de-panfletagem-do-setembro-amarelo\/","title":{"rendered":"Jos\u00e9 Sarto participa de panfletagem do Setembro Amarelo"},"content":{"rendered":"<p><img loading=\"lazy\" decoding=\"async\" class=\"alignnone size-medium wp-image-13953\" src=\"http:\/\/blogdorogeriogomes.com.br\/wp-content\/uploads\/2019\/09\/IMG-20190917-WA0084-300x200.jpg\" alt=\"IMG-20190917-WA0084\" width=\"300\" height=\"200\" srcset=\"https:\/\/blogdorogeriogomes.com.br\/noticias\/wp-content\/uploads\/2019\/09\/IMG-20190917-WA0084-300x200.jpg 300w, https:\/\/blogdorogeriogomes.com.br\/noticias\/wp-content\/uploads\/2019\/09\/IMG-20190917-WA0084-768x512.jpg 768w, https:\/\/blogdorogeriogomes.com.br\/noticias\/wp-content\/uploads\/2019\/09\/IMG-20190917-WA0084-1024x682.jpg 1024w, https:\/\/blogdorogeriogomes.com.br\/noticias\/wp-content\/uploads\/2019\/09\/IMG-20190917-WA0084.jpg 1280w\" sizes=\"auto, (max-width: 300px) 100vw, 300px\" \/><\/p>\n<p>O presidente da Assembleia Legislativa do Cear\u00e1, deputado estadual Jos\u00e9 Sarto (PDT), participou na manh\u00e3 desta ter\u00e7a-feira, dia 17 de setembro, de a\u00e7\u00e3o de conscientiza\u00e7\u00e3o sobre preven\u00e7\u00e3o ao suic\u00eddio. Dentro das a\u00e7\u00f5es do Setembro Amarelo, que integra o programa Ideia Certa, foi realizada panfletagem na avenida Pontes Vieira.<\/p>\n<p>Jos\u00e9 Sarto fez entrega de material de divulga\u00e7\u00e3o da campanha e conversou com motoristas sobre servi\u00e7os dispon\u00edveis para pessoas com depress\u00e3o. &#8220;\u00c9 um momento em que deputados e servidores chamam a aten\u00e7\u00e3o para esses \u00edndices alarmantes e essa estat\u00edstica, que s\u00e3o muito cru\u00e9is para o Cear\u00e1. Todos n\u00f3s, de alguma forma, direta ou indiretamente, j\u00e1 tomamos conhecimento de algum caso de tentativa de suic\u00eddio ou de depress\u00e3o&#8221;, afirmou o presidente da Assembleia.<\/p>\n","protected":false},"excerpt":{"rendered":"<p>O presidente da Assembleia Legislativa do Cear\u00e1, deputado estadual Jos\u00e9 Sarto (PDT), participou na manh\u00e3 desta ter\u00e7a-feira, dia 17 de setembro, de a\u00e7\u00e3o de conscientiza\u00e7\u00e3o sobre preven\u00e7\u00e3o ao suic\u00eddio. Dentro das a\u00e7\u00f5es do Setembro Amarelo, que integra o programa Ideia Certa, foi realizada panfletagem na avenida Pontes Vieira. Jos\u00e9 Sarto fez entrega de material de divulga\u00e7\u00e3o da campanha e conversou com motoristas sobre servi\u00e7os dispon\u00edveis para pessoas com depress\u00e3o. &#8220;\u00c9 um momento em que deputados e servidores chamam a&hellip;<\/p>\n","protected":false},"author":1,"featured_media":0,"comment_status":"open","ping_status":"open","sticky":false,"template":"","format":"standard","meta":{"footnotes":""},"categories":[1],"tags":[],"class_list":["post-13952","post","type-post","status-publish","format-standard","hentry","category-noticias"],"_links":{"self":[{"href":"https:\/\/blogdorogeriogomes.com.br\/noticias\/wp-json\/wp\/v2\/posts\/13952","targetHints":{"allow":["GET"]}}],"collection":[{"href":"https:\/\/blogdorogeriogomes.com.br\/noticias\/wp-json\/wp\/v2\/posts"}],"about":[{"href":"https:\/\/blogdorogeriogomes.com.br\/noticias\/wp-json\/wp\/v2\/types\/post"}],"author":[{"embeddable":true,"href":"https:\/\/blogdorogeriogomes.com.br\/noticias\/wp-json\/wp\/v2\/users\/1"}],"replies":[{"embeddable":true,"href":"https:\/\/blogdorogeriogomes.com.br\/noticias\/wp-json\/wp\/v2\/comments?post=13952"}],"version-history":[{"count":1,"href":"https:\/\/blogdorogeriogomes.com.br\/noticias\/wp-json\/wp\/v2\/posts\/13952\/revisions"}],"predecessor-version":[{"id":13954,"href":"https:\/\/blogdorogeriogomes.com.br\/noticias\/wp-json\/wp\/v2\/posts\/13952\/revisions\/13954"}],"wp:attachment":[{"href":"https:\/\/blogdorogeriogomes.com.br\/noticias\/wp-json\/wp\/v2\/media?parent=13952"}],"wp:term":[{"taxonomy":"category","embeddable":true,"href":"https:\/\/blogdorogeriogomes.com.br\/noticias\/wp-json\/wp\/v2\/categories?post=13952"},{"taxonomy":"post_tag","embeddable":true,"href":"https:\/\/blogdorogeriogomes.com.br\/noticias\/wp-json\/wp\/v2\/tags?post=13952"}],"curies":[{"name":"wp","href":"https:\/\/api.w.org\/{rel}","templated":true}]}}