{"id":13955,"date":"2019-09-17T16:38:05","date_gmt":"2019-09-17T16:38:05","guid":{"rendered":"http:\/\/blogdorogeriogomes.com.br\/?p=13955"},"modified":"2019-09-17T16:38:05","modified_gmt":"2019-09-17T16:38:05","slug":"camara-municipal-de-fortaleza-entrega-medalha-paulo-freire-a-destaques-da-educacao","status":"publish","type":"post","link":"https:\/\/blogdorogeriogomes.com.br\/noticias\/2019\/09\/camara-municipal-de-fortaleza-entrega-medalha-paulo-freire-a-destaques-da-educacao\/","title":{"rendered":"C\u00e2mara Municipal de Fortaleza entrega Medalha Paulo Freire a destaques da Educa\u00e7\u00e3o"},"content":{"rendered":"<p><img loading=\"lazy\" decoding=\"async\" class=\"alignnone size-medium wp-image-13956\" src=\"http:\/\/blogdorogeriogomes.com.br\/wp-content\/uploads\/2019\/09\/ASM_0169-300x200.jpg\" alt=\"ASM_0169\" width=\"300\" height=\"200\" srcset=\"https:\/\/blogdorogeriogomes.com.br\/noticias\/wp-content\/uploads\/2019\/09\/ASM_0169-300x200.jpg 300w, https:\/\/blogdorogeriogomes.com.br\/noticias\/wp-content\/uploads\/2019\/09\/ASM_0169-768x512.jpg 768w, https:\/\/blogdorogeriogomes.com.br\/noticias\/wp-content\/uploads\/2019\/09\/ASM_0169-1024x683.jpg 1024w\" sizes=\"auto, (max-width: 300px) 100vw, 300px\" \/><\/p>\n<p>A Comiss\u00e3o de Educa\u00e7\u00e3o da C\u00e2mara Municipal de Fortaleza concede, nesta quinta-feira, dia 19 de setembro, a Medalha Paulo Freire aos educadores Idilvan Alencar, Dalila Saldanha e Lucidalva Bacelar, em sess\u00e3o solene \u00e0s 19h30min. A Comiss\u00e3o de Educa\u00e7\u00e3o \u00e9 presidida pelo vereador Evaldo Lima (PC do B), que tamb\u00e9m \u00e9 professor.<br \/>\nEvaldo Lima destaca que a Medalha Paulo Freire \u00e9 entregue anualmente pelo Legislativo no dia 19 de setembro, data de anivers\u00e1rio do Patrono da Educa\u00e7\u00e3o Brasileira. Para o parlamentar, o evento ao mesmo tempo rememora o enorme legado de Paulo Freire (1921-1997) para os avan\u00e7os educacionais do pa\u00eds e celebra educadores de Fortaleza que honram a mem\u00f3ria e as ideias humanistas do pensador brasileiro atrav\u00e9s de seus trabalhos.<br \/>\n&#8220;S\u00e3o tr\u00eas selecionados que tem um trabalho extraordin\u00e1rio para a Educa\u00e7\u00e3o. O Idilvan Alencar foi presidente do FNDE (Fundo Nacional de Desenvolvimento da Educa\u00e7\u00e3o) e foi secret\u00e1rio da Educa\u00e7\u00e3o do Estado. Os indicadores de educa\u00e7\u00e3o no Estado t\u00eam muito a marca dele. A professora Lucidalva Bacelar dedicou a vida \u00e0 causa da Educa\u00e7\u00e3o no munic\u00edpio de Fortaleza, seja nos Centros de Educa\u00e7\u00e3o Infantil ou nas Escolas em Tempo Integral, \u00e9 muito respeitada pelos seus colegas professores. J\u00e1 Dalila Saldanha foi secret\u00e1ria Executiva de Educa\u00e7\u00e3o do Cear\u00e1, tendo papel importante nos avan\u00e7os educacionais no Estado, e tem feito um grande trabalho \u00e0 frente da Secretaria Municipal de Educa\u00e7\u00e3o\u201d, destacou Evaldo Lima.<\/p>\n","protected":false},"excerpt":{"rendered":"<p>A Comiss\u00e3o de Educa\u00e7\u00e3o da C\u00e2mara Municipal de Fortaleza concede, nesta quinta-feira, dia 19 de setembro, a Medalha Paulo Freire aos educadores Idilvan Alencar, Dalila Saldanha e Lucidalva Bacelar, em sess\u00e3o solene \u00e0s 19h30min. A Comiss\u00e3o de Educa\u00e7\u00e3o \u00e9 presidida pelo vereador Evaldo Lima (PC do B), que tamb\u00e9m \u00e9 professor. Evaldo Lima destaca que a Medalha Paulo Freire \u00e9 entregue anualmente pelo Legislativo no dia 19 de setembro, data de anivers\u00e1rio do Patrono da Educa\u00e7\u00e3o Brasileira. Para o&hellip;<\/p>\n","protected":false},"author":1,"featured_media":0,"comment_status":"open","ping_status":"open","sticky":false,"template":"","format":"standard","meta":{"footnotes":""},"categories":[1],"tags":[],"class_list":["post-13955","post","type-post","status-publish","format-standard","hentry","category-noticias"],"_links":{"self":[{"href":"https:\/\/blogdorogeriogomes.com.br\/noticias\/wp-json\/wp\/v2\/posts\/13955","targetHints":{"allow":["GET"]}}],"collection":[{"href":"https:\/\/blogdorogeriogomes.com.br\/noticias\/wp-json\/wp\/v2\/posts"}],"about":[{"href":"https:\/\/blogdorogeriogomes.com.br\/noticias\/wp-json\/wp\/v2\/types\/post"}],"author":[{"embeddable":true,"href":"https:\/\/blogdorogeriogomes.com.br\/noticias\/wp-json\/wp\/v2\/users\/1"}],"replies":[{"embeddable":true,"href":"https:\/\/blogdorogeriogomes.com.br\/noticias\/wp-json\/wp\/v2\/comments?post=13955"}],"version-history":[{"count":1,"href":"https:\/\/blogdorogeriogomes.com.br\/noticias\/wp-json\/wp\/v2\/posts\/13955\/revisions"}],"predecessor-version":[{"id":13957,"href":"https:\/\/blogdorogeriogomes.com.br\/noticias\/wp-json\/wp\/v2\/posts\/13955\/revisions\/13957"}],"wp:attachment":[{"href":"https:\/\/blogdorogeriogomes.com.br\/noticias\/wp-json\/wp\/v2\/media?parent=13955"}],"wp:term":[{"taxonomy":"category","embeddable":true,"href":"https:\/\/blogdorogeriogomes.com.br\/noticias\/wp-json\/wp\/v2\/categories?post=13955"},{"taxonomy":"post_tag","embeddable":true,"href":"https:\/\/blogdorogeriogomes.com.br\/noticias\/wp-json\/wp\/v2\/tags?post=13955"}],"curies":[{"name":"wp","href":"https:\/\/api.w.org\/{rel}","templated":true}]}}