{"id":13958,"date":"2019-09-17T20:50:20","date_gmt":"2019-09-17T20:50:20","guid":{"rendered":"http:\/\/blogdorogeriogomes.com.br\/?p=13958"},"modified":"2019-09-17T20:50:20","modified_gmt":"2019-09-17T20:50:20","slug":"camilo-anuncia-convocacao-de-agentes-penitenciarios-e-compra-de-autoescadas-para-corpo-de-bombeiros","status":"publish","type":"post","link":"https:\/\/blogdorogeriogomes.com.br\/noticias\/2019\/09\/camilo-anuncia-convocacao-de-agentes-penitenciarios-e-compra-de-autoescadas-para-corpo-de-bombeiros\/","title":{"rendered":"Camilo anuncia convoca\u00e7\u00e3o de agentes penitenci\u00e1rios e compra de autoescadas para Corpo de Bombeiros"},"content":{"rendered":"<p><img loading=\"lazy\" decoding=\"async\" class=\"alignnone size-medium wp-image-13960\" src=\"http:\/\/blogdorogeriogomes.com.br\/wp-content\/uploads\/2019\/09\/IMG_20190917_174214_911-300x225.jpg\" alt=\"IMG_20190917_174214_911\" width=\"300\" height=\"225\" srcset=\"https:\/\/blogdorogeriogomes.com.br\/noticias\/wp-content\/uploads\/2019\/09\/IMG_20190917_174214_911-300x225.jpg 300w, https:\/\/blogdorogeriogomes.com.br\/noticias\/wp-content\/uploads\/2019\/09\/IMG_20190917_174214_911-768x576.jpg 768w, https:\/\/blogdorogeriogomes.com.br\/noticias\/wp-content\/uploads\/2019\/09\/IMG_20190917_174214_911-1024x768.jpg 1024w, https:\/\/blogdorogeriogomes.com.br\/noticias\/wp-content\/uploads\/2019\/09\/IMG_20190917_174214_911.jpg 1200w\" sizes=\"auto, (max-width: 300px) 100vw, 300px\" \/><\/p>\n<p>Ainda em viagem ao Exterior, o governador do Cear\u00e1, Camilo Santana, revelou em live com internautas, nesta ter\u00e7a-feira, dia 17 de setembro, que vai convocar a \u00faltima turma dos aprovados no concurso para agentes penitenci\u00e1rios do Cear\u00e1. Camilo est\u00e1 na Espanha e deve retornar a Fortaleza nesta quinta-feira, dia 19, quando deve anunciar mais novidades para o setor de seguran\u00e7a p\u00fablica.<br \/>\nNesta ter\u00e7a-feira, Camilo se reuniu com o presidente da Empresa Magirus-Deutz, Marc Diening, na cidade de Ulm, na Alemanha, onde fechou a aquisi\u00e7\u00e3o de tr\u00eas viaturas do tipo autoescada articulada para refor\u00e7ar a atua\u00e7\u00e3o do Corpo Bombeiros do Cear\u00e1 nas ocorr\u00eancias de salvamento e combate a inc\u00eandios em todo o Estado. Os tr\u00eas equipamentos est\u00e3o sendo comprados pelo Governo do Cear\u00e1 por 4,5 milh\u00f5es de euros. Dois dos ve\u00edculos possuem escadas com 42 metros de comprimento, sendo os maiores do mundo nesse tipo de equipamento, usados em edifica\u00e7\u00f5es elevadas e ocorr\u00eancias de alta complexidade.<br \/>\nUm dos ve\u00edculos ser\u00e1 entregue de imediato e deve chegar ao Cear\u00e1 nas pr\u00f3ximas semanas. Os outros dois dever\u00e3o chegar no pr\u00f3ximo ano e ser\u00e3o destinados para unidades dos Bombeiros no interior do Estado.<\/p>\n","protected":false},"excerpt":{"rendered":"<p>Ainda em viagem ao Exterior, o governador do Cear\u00e1, Camilo Santana, revelou em live com internautas, nesta ter\u00e7a-feira, dia 17 de setembro, que vai convocar a \u00faltima turma dos aprovados no concurso para agentes penitenci\u00e1rios do Cear\u00e1. Camilo est\u00e1 na Espanha e deve retornar a Fortaleza nesta quinta-feira, dia 19, quando deve anunciar mais novidades para o setor de seguran\u00e7a p\u00fablica. Nesta ter\u00e7a-feira, Camilo se reuniu com o presidente da Empresa Magirus-Deutz, Marc Diening, na cidade de Ulm, na&hellip;<\/p>\n","protected":false},"author":1,"featured_media":0,"comment_status":"open","ping_status":"open","sticky":false,"template":"","format":"standard","meta":{"footnotes":""},"categories":[1],"tags":[],"class_list":["post-13958","post","type-post","status-publish","format-standard","hentry","category-noticias"],"_links":{"self":[{"href":"https:\/\/blogdorogeriogomes.com.br\/noticias\/wp-json\/wp\/v2\/posts\/13958","targetHints":{"allow":["GET"]}}],"collection":[{"href":"https:\/\/blogdorogeriogomes.com.br\/noticias\/wp-json\/wp\/v2\/posts"}],"about":[{"href":"https:\/\/blogdorogeriogomes.com.br\/noticias\/wp-json\/wp\/v2\/types\/post"}],"author":[{"embeddable":true,"href":"https:\/\/blogdorogeriogomes.com.br\/noticias\/wp-json\/wp\/v2\/users\/1"}],"replies":[{"embeddable":true,"href":"https:\/\/blogdorogeriogomes.com.br\/noticias\/wp-json\/wp\/v2\/comments?post=13958"}],"version-history":[{"count":1,"href":"https:\/\/blogdorogeriogomes.com.br\/noticias\/wp-json\/wp\/v2\/posts\/13958\/revisions"}],"predecessor-version":[{"id":13961,"href":"https:\/\/blogdorogeriogomes.com.br\/noticias\/wp-json\/wp\/v2\/posts\/13958\/revisions\/13961"}],"wp:attachment":[{"href":"https:\/\/blogdorogeriogomes.com.br\/noticias\/wp-json\/wp\/v2\/media?parent=13958"}],"wp:term":[{"taxonomy":"category","embeddable":true,"href":"https:\/\/blogdorogeriogomes.com.br\/noticias\/wp-json\/wp\/v2\/categories?post=13958"},{"taxonomy":"post_tag","embeddable":true,"href":"https:\/\/blogdorogeriogomes.com.br\/noticias\/wp-json\/wp\/v2\/tags?post=13958"}],"curies":[{"name":"wp","href":"https:\/\/api.w.org\/{rel}","templated":true}]}}