{"id":13965,"date":"2019-09-18T08:54:56","date_gmt":"2019-09-18T08:54:56","guid":{"rendered":"http:\/\/blogdorogeriogomes.com.br\/?p=13965"},"modified":"2019-09-18T08:54:56","modified_gmt":"2019-09-18T08:54:56","slug":"prefeitos-cobram-pressa-na-camara-dos-deputados-na-liberacao-de-recursos-do-pre-sal","status":"publish","type":"post","link":"https:\/\/blogdorogeriogomes.com.br\/noticias\/2019\/09\/prefeitos-cobram-pressa-na-camara-dos-deputados-na-liberacao-de-recursos-do-pre-sal\/","title":{"rendered":"Prefeitos cobram pressa na C\u00e2mara dos Deputados na libera\u00e7\u00e3o de recursos do pr\u00e9 sal"},"content":{"rendered":"<p><img loading=\"lazy\" decoding=\"async\" class=\"alignnone size-medium wp-image-13966\" src=\"http:\/\/blogdorogeriogomes.com.br\/wp-content\/uploads\/2019\/09\/IMG_20190918_055052_946-300x200.jpg\" alt=\"IMG_20190918_055052_946\" width=\"300\" height=\"200\" srcset=\"https:\/\/blogdorogeriogomes.com.br\/noticias\/wp-content\/uploads\/2019\/09\/IMG_20190918_055052_946-300x200.jpg 300w, https:\/\/blogdorogeriogomes.com.br\/noticias\/wp-content\/uploads\/2019\/09\/IMG_20190918_055052_946.jpg 768w\" sizes=\"auto, (max-width: 300px) 100vw, 300px\" \/><\/p>\n<p>Cerca de 30 prefeitos do Cear\u00e1 participaram, nesta ter\u00e7a-feira, dia 17 de setembro, no Congresso Nacional, de um encontro de gestores municipais de todo o Pa\u00eds para reivindicar a aprova\u00e7\u00e3o de mat\u00e9rias de interesse municipalista. Dentre elas, a PEC que trata dos recursos da cess\u00e3o onerosa do pr\u00e9-sal, apontada como &#8220;emergencial&#8221;. A proposta foi aprovada no Senado no \u00faltimo dia 3 e aguarda vota\u00e7\u00e3o na C\u00e2mara dos Deputados. Os prefeitos esperam que a aprecia\u00e7\u00e3o dos deputados ocorra ainda este m\u00eas.<br \/>\nO presidente da C\u00e2mara, Rodrigo Maia, compareceu a Mobiliza\u00e7\u00e3o Municipalista promovida pela Confedera\u00e7\u00e3o Nacional dos Munic\u00edpios (CNM). Segundo o presidente da Associa\u00e7\u00e3o dos Munic\u00edpios do Estado do Cear\u00e1 (Aprece), Nilson Diniz, o encontro foi importante para expor problemas e pedir apoio para a libera\u00e7\u00e3o de recursos. &#8220;Os munic\u00edpios carecem de reforma; precisamos de um Pacto Federativo&#8221;, disse Nilson Diniz.<\/p>\n","protected":false},"excerpt":{"rendered":"<p>Cerca de 30 prefeitos do Cear\u00e1 participaram, nesta ter\u00e7a-feira, dia 17 de setembro, no Congresso Nacional, de um encontro de gestores municipais de todo o Pa\u00eds para reivindicar a aprova\u00e7\u00e3o de mat\u00e9rias de interesse municipalista. Dentre elas, a PEC que trata dos recursos da cess\u00e3o onerosa do pr\u00e9-sal, apontada como &#8220;emergencial&#8221;. A proposta foi aprovada no Senado no \u00faltimo dia 3 e aguarda vota\u00e7\u00e3o na C\u00e2mara dos Deputados. Os prefeitos esperam que a aprecia\u00e7\u00e3o dos deputados ocorra ainda este&hellip;<\/p>\n","protected":false},"author":1,"featured_media":0,"comment_status":"open","ping_status":"open","sticky":false,"template":"","format":"standard","meta":{"footnotes":""},"categories":[1],"tags":[],"class_list":["post-13965","post","type-post","status-publish","format-standard","hentry","category-noticias"],"_links":{"self":[{"href":"https:\/\/blogdorogeriogomes.com.br\/noticias\/wp-json\/wp\/v2\/posts\/13965","targetHints":{"allow":["GET"]}}],"collection":[{"href":"https:\/\/blogdorogeriogomes.com.br\/noticias\/wp-json\/wp\/v2\/posts"}],"about":[{"href":"https:\/\/blogdorogeriogomes.com.br\/noticias\/wp-json\/wp\/v2\/types\/post"}],"author":[{"embeddable":true,"href":"https:\/\/blogdorogeriogomes.com.br\/noticias\/wp-json\/wp\/v2\/users\/1"}],"replies":[{"embeddable":true,"href":"https:\/\/blogdorogeriogomes.com.br\/noticias\/wp-json\/wp\/v2\/comments?post=13965"}],"version-history":[{"count":1,"href":"https:\/\/blogdorogeriogomes.com.br\/noticias\/wp-json\/wp\/v2\/posts\/13965\/revisions"}],"predecessor-version":[{"id":13967,"href":"https:\/\/blogdorogeriogomes.com.br\/noticias\/wp-json\/wp\/v2\/posts\/13965\/revisions\/13967"}],"wp:attachment":[{"href":"https:\/\/blogdorogeriogomes.com.br\/noticias\/wp-json\/wp\/v2\/media?parent=13965"}],"wp:term":[{"taxonomy":"category","embeddable":true,"href":"https:\/\/blogdorogeriogomes.com.br\/noticias\/wp-json\/wp\/v2\/categories?post=13965"},{"taxonomy":"post_tag","embeddable":true,"href":"https:\/\/blogdorogeriogomes.com.br\/noticias\/wp-json\/wp\/v2\/tags?post=13965"}],"curies":[{"name":"wp","href":"https:\/\/api.w.org\/{rel}","templated":true}]}}