{"id":13971,"date":"2019-09-18T09:07:45","date_gmt":"2019-09-18T09:07:45","guid":{"rendered":"http:\/\/blogdorogeriogomes.com.br\/?p=13971"},"modified":"2019-09-18T09:07:45","modified_gmt":"2019-09-18T09:07:45","slug":"tre-do-ceara-marca-eleicoes-suplementares-nos-municipios-de-iraucuba-e-tiangua","status":"publish","type":"post","link":"https:\/\/blogdorogeriogomes.com.br\/noticias\/2019\/09\/tre-do-ceara-marca-eleicoes-suplementares-nos-municipios-de-iraucuba-e-tiangua\/","title":{"rendered":"TRE do Cear\u00e1 marca elei\u00e7\u00f5es suplementares nos munic\u00edpios de Irau\u00e7uba e Tiangu\u00e1"},"content":{"rendered":"<p><img loading=\"lazy\" decoding=\"async\" class=\"alignnone size-medium wp-image-13972\" src=\"http:\/\/blogdorogeriogomes.com.br\/wp-content\/uploads\/2019\/09\/images-2019-09-18T060203.398-300x153.jpeg\" alt=\"images - 2019-09-18T060203.398\" width=\"300\" height=\"153\" srcset=\"https:\/\/blogdorogeriogomes.com.br\/noticias\/wp-content\/uploads\/2019\/09\/images-2019-09-18T060203.398-300x153.jpeg 300w, https:\/\/blogdorogeriogomes.com.br\/noticias\/wp-content\/uploads\/2019\/09\/images-2019-09-18T060203.398.jpeg 430w\" sizes=\"auto, (max-width: 300px) 100vw, 300px\" \/><\/p>\n<p>O Tribunal Regional Eleitoral do Cear\u00e1 (TRE) marcou elei\u00e7\u00f5es suplementares para os munic\u00edpios de Irau\u00e7uba e Tiangu\u00e1 para os cargos de prefeito e vice-prefeito, no dia 27 de outubro.<br \/>\nEm Tiangu\u00e1, o prefeito Jos\u00e9 Jaydson Saravai Aguiar e seu vice, Mardes Ramos de Oliveira, tiveram os diplomas anulados por unanimidade no \u00faltimo dia 9 deste m\u00eas, ap\u00f3s decis\u00e3o do Tribunal.<br \/>\nJ\u00e1 em Irau\u00e7uba, o TRE cassou os mandatos de Raimundo Nonato de Sousa e Jos\u00e9 Pinto de Mesquita no dia 22 deste ano, por abuso de poder econ\u00f4mico nas elei\u00e7\u00f5es de 2016.<\/p>\n","protected":false},"excerpt":{"rendered":"<p>O Tribunal Regional Eleitoral do Cear\u00e1 (TRE) marcou elei\u00e7\u00f5es suplementares para os munic\u00edpios de Irau\u00e7uba e Tiangu\u00e1 para os cargos de prefeito e vice-prefeito, no dia 27 de outubro. Em Tiangu\u00e1, o prefeito Jos\u00e9 Jaydson Saravai Aguiar e seu vice, Mardes Ramos de Oliveira, tiveram os diplomas anulados por unanimidade no \u00faltimo dia 9 deste m\u00eas, ap\u00f3s decis\u00e3o do Tribunal. J\u00e1 em Irau\u00e7uba, o TRE cassou os mandatos de Raimundo Nonato de Sousa e Jos\u00e9 Pinto de Mesquita no&hellip;<\/p>\n","protected":false},"author":1,"featured_media":0,"comment_status":"open","ping_status":"open","sticky":false,"template":"","format":"standard","meta":{"footnotes":""},"categories":[1],"tags":[],"class_list":["post-13971","post","type-post","status-publish","format-standard","hentry","category-noticias"],"_links":{"self":[{"href":"https:\/\/blogdorogeriogomes.com.br\/noticias\/wp-json\/wp\/v2\/posts\/13971","targetHints":{"allow":["GET"]}}],"collection":[{"href":"https:\/\/blogdorogeriogomes.com.br\/noticias\/wp-json\/wp\/v2\/posts"}],"about":[{"href":"https:\/\/blogdorogeriogomes.com.br\/noticias\/wp-json\/wp\/v2\/types\/post"}],"author":[{"embeddable":true,"href":"https:\/\/blogdorogeriogomes.com.br\/noticias\/wp-json\/wp\/v2\/users\/1"}],"replies":[{"embeddable":true,"href":"https:\/\/blogdorogeriogomes.com.br\/noticias\/wp-json\/wp\/v2\/comments?post=13971"}],"version-history":[{"count":1,"href":"https:\/\/blogdorogeriogomes.com.br\/noticias\/wp-json\/wp\/v2\/posts\/13971\/revisions"}],"predecessor-version":[{"id":13973,"href":"https:\/\/blogdorogeriogomes.com.br\/noticias\/wp-json\/wp\/v2\/posts\/13971\/revisions\/13973"}],"wp:attachment":[{"href":"https:\/\/blogdorogeriogomes.com.br\/noticias\/wp-json\/wp\/v2\/media?parent=13971"}],"wp:term":[{"taxonomy":"category","embeddable":true,"href":"https:\/\/blogdorogeriogomes.com.br\/noticias\/wp-json\/wp\/v2\/categories?post=13971"},{"taxonomy":"post_tag","embeddable":true,"href":"https:\/\/blogdorogeriogomes.com.br\/noticias\/wp-json\/wp\/v2\/tags?post=13971"}],"curies":[{"name":"wp","href":"https:\/\/api.w.org\/{rel}","templated":true}]}}