{"id":13977,"date":"2019-09-18T20:53:38","date_gmt":"2019-09-18T20:53:38","guid":{"rendered":"http:\/\/blogdorogeriogomes.com.br\/?p=13977"},"modified":"2019-09-18T20:53:38","modified_gmt":"2019-09-18T20:53:38","slug":"onu-veta-discurso-do-brasil-na-cupula-do-clima-nos-estados-unidos","status":"publish","type":"post","link":"https:\/\/blogdorogeriogomes.com.br\/noticias\/2019\/09\/onu-veta-discurso-do-brasil-na-cupula-do-clima-nos-estados-unidos\/","title":{"rendered":"ONU veta discurso do Brasil na C\u00fapula do Clima nos Estados Unidos"},"content":{"rendered":"<p><img loading=\"lazy\" decoding=\"async\" class=\"alignnone size-medium wp-image-13979\" src=\"http:\/\/blogdorogeriogomes.com.br\/wp-content\/uploads\/2019\/09\/IMG_20190918_174724_018-300x200.jpg\" alt=\"IMG_20190918_174724_018\" width=\"300\" height=\"200\" srcset=\"https:\/\/blogdorogeriogomes.com.br\/noticias\/wp-content\/uploads\/2019\/09\/IMG_20190918_174724_018-300x200.jpg 300w, https:\/\/blogdorogeriogomes.com.br\/noticias\/wp-content\/uploads\/2019\/09\/IMG_20190918_174724_018.jpg 768w\" sizes=\"auto, (max-width: 300px) 100vw, 300px\" \/><\/p>\n<p>Enquanto se discute a ida ou n\u00e3o do presidente Jair Bolsonaro para a Assembleia Geral da ONU, nos Estados Unidos, pr\u00f3xima semana, a not\u00edcia vinda dos EUA \u00e9 que o Brasil foi vetado pela ONU e n\u00e3o ir\u00e1 discursar na c\u00fapula do clima, que acontece nesta segunda-feira, dia 23 de setembro, v\u00e9spera do encontro principal dos chefes de Estado de todo o mundo, em Nova York. A decis\u00e3o da ONU \u00e9 reflexo da pol\u00edtica de incentivo ao desmatamento do atual governo, que vem recebendo cr\u00edticas de v\u00e1rios pa\u00edses e de organismos internacionais. \u201cO Brasil n\u00e3o apresentou nenhum plano para aumentar o compromisso com o clima\u201d, disse o representante da Secretaria-Geral da ONU, Luis Alfonso de Alba.<br \/>\nAp\u00f3s iniciar uma campanha para que o presidente Jair Bolsonaro n\u00e3o compare\u00e7a na abertura da Assembleia Geral da ONU, no pr\u00f3ximo dia 24 de setembro, para cuidar da sa\u00fade, a deputada federal Carla Zambelli (PSL-SP), aliada de Bolsonaro, causou foi uma rea\u00e7\u00e3o de apoio de parlamentares de oposi\u00e7\u00e3o. Para estes, a ida de Bolsonaro pra discursar na ONU s\u00f3 vai causar \u201cvexame\u201d e mais \u201cdesgaste pol\u00edtico no Exterior\u201d.<\/p>\n","protected":false},"excerpt":{"rendered":"<p>Enquanto se discute a ida ou n\u00e3o do presidente Jair Bolsonaro para a Assembleia Geral da ONU, nos Estados Unidos, pr\u00f3xima semana, a not\u00edcia vinda dos EUA \u00e9 que o Brasil foi vetado pela ONU e n\u00e3o ir\u00e1 discursar na c\u00fapula do clima, que acontece nesta segunda-feira, dia 23 de setembro, v\u00e9spera do encontro principal dos chefes de Estado de todo o mundo, em Nova York. A decis\u00e3o da ONU \u00e9 reflexo da pol\u00edtica de incentivo ao desmatamento do&hellip;<\/p>\n","protected":false},"author":1,"featured_media":0,"comment_status":"open","ping_status":"open","sticky":false,"template":"","format":"standard","meta":{"footnotes":""},"categories":[1],"tags":[],"class_list":["post-13977","post","type-post","status-publish","format-standard","hentry","category-noticias"],"_links":{"self":[{"href":"https:\/\/blogdorogeriogomes.com.br\/noticias\/wp-json\/wp\/v2\/posts\/13977","targetHints":{"allow":["GET"]}}],"collection":[{"href":"https:\/\/blogdorogeriogomes.com.br\/noticias\/wp-json\/wp\/v2\/posts"}],"about":[{"href":"https:\/\/blogdorogeriogomes.com.br\/noticias\/wp-json\/wp\/v2\/types\/post"}],"author":[{"embeddable":true,"href":"https:\/\/blogdorogeriogomes.com.br\/noticias\/wp-json\/wp\/v2\/users\/1"}],"replies":[{"embeddable":true,"href":"https:\/\/blogdorogeriogomes.com.br\/noticias\/wp-json\/wp\/v2\/comments?post=13977"}],"version-history":[{"count":1,"href":"https:\/\/blogdorogeriogomes.com.br\/noticias\/wp-json\/wp\/v2\/posts\/13977\/revisions"}],"predecessor-version":[{"id":13980,"href":"https:\/\/blogdorogeriogomes.com.br\/noticias\/wp-json\/wp\/v2\/posts\/13977\/revisions\/13980"}],"wp:attachment":[{"href":"https:\/\/blogdorogeriogomes.com.br\/noticias\/wp-json\/wp\/v2\/media?parent=13977"}],"wp:term":[{"taxonomy":"category","embeddable":true,"href":"https:\/\/blogdorogeriogomes.com.br\/noticias\/wp-json\/wp\/v2\/categories?post=13977"},{"taxonomy":"post_tag","embeddable":true,"href":"https:\/\/blogdorogeriogomes.com.br\/noticias\/wp-json\/wp\/v2\/tags?post=13977"}],"curies":[{"name":"wp","href":"https:\/\/api.w.org\/{rel}","templated":true}]}}