{"id":13985,"date":"2019-09-19T09:14:43","date_gmt":"2019-09-19T09:14:43","guid":{"rendered":"http:\/\/blogdorogeriogomes.com.br\/?p=13985"},"modified":"2019-09-19T09:14:43","modified_gmt":"2019-09-19T09:14:43","slug":"fortaleza-celebra-no-sabado-o-dia-mundial-de-limpeza-de-praias-rios-e-lagoas","status":"publish","type":"post","link":"https:\/\/blogdorogeriogomes.com.br\/noticias\/2019\/09\/fortaleza-celebra-no-sabado-o-dia-mundial-de-limpeza-de-praias-rios-e-lagoas\/","title":{"rendered":"Fortaleza celebra no s\u00e1bado o Dia Mundial de Limpeza de Praias, Rios e Lagoas"},"content":{"rendered":"<p><img loading=\"lazy\" decoding=\"async\" class=\"alignnone size-medium wp-image-13987\" src=\"http:\/\/blogdorogeriogomes.com.br\/wp-content\/uploads\/2019\/09\/IMG_20190919_061030_136-300x200.jpg\" alt=\"IMG_20190919_061030_136\" width=\"300\" height=\"200\" srcset=\"https:\/\/blogdorogeriogomes.com.br\/noticias\/wp-content\/uploads\/2019\/09\/IMG_20190919_061030_136-300x200.jpg 300w, https:\/\/blogdorogeriogomes.com.br\/noticias\/wp-content\/uploads\/2019\/09\/IMG_20190919_061030_136.jpg 580w\" sizes=\"auto, (max-width: 300px) 100vw, 300px\" \/><\/p>\n<p>Fortaleza vai sediar neste s\u00e1bado, dia 21 de setembro, o Dia Mundial de Limpeza de Praias, Rios e Lagoas &#8211; CLean Up the World. A Capital cearense est\u00e1 entre os mais de 800 munic\u00edpios brasileiros que sediam a maior iniciativa volunt\u00e1ria para coleta de res\u00edduos.<br \/>\nA partir das 7h30min, na Praia de Iracema, aproximadamente 300 volunt\u00e1rios ir\u00e3o realizar limpeza de praia e atividades de educa\u00e7\u00e3o ambiental. Haver\u00e1 ainda troca de materiais recicl\u00e1veis por mudas nativas ou frut\u00edferas, exposi\u00e7\u00e3o de artes produzidas com garrafas pets e de produtos confeccionados com a reutiliza\u00e7\u00e3o de \u00f3leo de cozinha. Todas estas a\u00e7\u00f5es visam sensibilizar a popula\u00e7\u00e3o para a necessidade de preservar as praias e o meio ambiente marinho.<\/p>\n","protected":false},"excerpt":{"rendered":"<p>Fortaleza vai sediar neste s\u00e1bado, dia 21 de setembro, o Dia Mundial de Limpeza de Praias, Rios e Lagoas &#8211; CLean Up the World. A Capital cearense est\u00e1 entre os mais de 800 munic\u00edpios brasileiros que sediam a maior iniciativa volunt\u00e1ria para coleta de res\u00edduos. A partir das 7h30min, na Praia de Iracema, aproximadamente 300 volunt\u00e1rios ir\u00e3o realizar limpeza de praia e atividades de educa\u00e7\u00e3o ambiental. Haver\u00e1 ainda troca de materiais recicl\u00e1veis por mudas nativas ou frut\u00edferas, exposi\u00e7\u00e3o de&hellip;<\/p>\n","protected":false},"author":1,"featured_media":0,"comment_status":"open","ping_status":"open","sticky":false,"template":"","format":"standard","meta":{"footnotes":""},"categories":[1],"tags":[],"class_list":["post-13985","post","type-post","status-publish","format-standard","hentry","category-noticias"],"_links":{"self":[{"href":"https:\/\/blogdorogeriogomes.com.br\/noticias\/wp-json\/wp\/v2\/posts\/13985","targetHints":{"allow":["GET"]}}],"collection":[{"href":"https:\/\/blogdorogeriogomes.com.br\/noticias\/wp-json\/wp\/v2\/posts"}],"about":[{"href":"https:\/\/blogdorogeriogomes.com.br\/noticias\/wp-json\/wp\/v2\/types\/post"}],"author":[{"embeddable":true,"href":"https:\/\/blogdorogeriogomes.com.br\/noticias\/wp-json\/wp\/v2\/users\/1"}],"replies":[{"embeddable":true,"href":"https:\/\/blogdorogeriogomes.com.br\/noticias\/wp-json\/wp\/v2\/comments?post=13985"}],"version-history":[{"count":1,"href":"https:\/\/blogdorogeriogomes.com.br\/noticias\/wp-json\/wp\/v2\/posts\/13985\/revisions"}],"predecessor-version":[{"id":13988,"href":"https:\/\/blogdorogeriogomes.com.br\/noticias\/wp-json\/wp\/v2\/posts\/13985\/revisions\/13988"}],"wp:attachment":[{"href":"https:\/\/blogdorogeriogomes.com.br\/noticias\/wp-json\/wp\/v2\/media?parent=13985"}],"wp:term":[{"taxonomy":"category","embeddable":true,"href":"https:\/\/blogdorogeriogomes.com.br\/noticias\/wp-json\/wp\/v2\/categories?post=13985"},{"taxonomy":"post_tag","embeddable":true,"href":"https:\/\/blogdorogeriogomes.com.br\/noticias\/wp-json\/wp\/v2\/tags?post=13985"}],"curies":[{"name":"wp","href":"https:\/\/api.w.org\/{rel}","templated":true}]}}