{"id":13996,"date":"2019-09-20T08:56:45","date_gmt":"2019-09-20T08:56:45","guid":{"rendered":"http:\/\/blogdorogeriogomes.com.br\/?p=13996"},"modified":"2019-09-20T08:56:45","modified_gmt":"2019-09-20T08:56:45","slug":"ricardo-cavalcante-assume-presidencia-da-fiec-pelos-proximos-cinco-anos","status":"publish","type":"post","link":"https:\/\/blogdorogeriogomes.com.br\/noticias\/2019\/09\/ricardo-cavalcante-assume-presidencia-da-fiec-pelos-proximos-cinco-anos\/","title":{"rendered":"Ricardo Cavalcante assume presid\u00eancia da Fiec pelos pr\u00f3ximos cinco anos"},"content":{"rendered":"<p><img loading=\"lazy\" decoding=\"async\" class=\"alignnone size-medium wp-image-13997\" src=\"http:\/\/blogdorogeriogomes.com.br\/wp-content\/uploads\/2019\/09\/IMG_20190920_054646_478-300x202.jpg\" alt=\"IMG_20190920_054646_478\" width=\"300\" height=\"202\" srcset=\"https:\/\/blogdorogeriogomes.com.br\/noticias\/wp-content\/uploads\/2019\/09\/IMG_20190920_054646_478-300x202.jpg 300w, https:\/\/blogdorogeriogomes.com.br\/noticias\/wp-content\/uploads\/2019\/09\/IMG_20190920_054646_478.jpg 528w\" sizes=\"auto, (max-width: 300px) 100vw, 300px\" \/><\/p>\n<p>O empres\u00e1rio Ricardo Cavalcante tomou posse, nesta quinta-feira, dia 19 de setembro, como novo presidente da Federa\u00e7\u00e3o das Ind\u00fastrias do Estado do Cear\u00e1 (Fiec) pelos pr\u00f3ximos cinco anos. Ele vai substituir o tamb\u00e9m empres\u00e1rio Beto Studart. Ricardo Cavalcante era diretor administrativo da Fiec e presidente do Sindminerais. Ele diz que pretende focar a gest\u00e3o na busca de gera\u00e7\u00e3o de novos postos de trabalho.<br \/>\n&#8220;O Sistema Fiec estar\u00e1 junto de todos aqueles comprometidos com a redu\u00e7\u00e3o das desigualdades regionais. Faremos essas a\u00e7\u00f5es atrav\u00e9s dos nossos sindicatos filiados e, fortalecidos, ser\u00e3o os agentes indutores da nossa atua\u00e7\u00e3o&#8221;, afirmou Ricardo Cavalcante.<br \/>\nO presidente da Confedera\u00e7\u00e3o Nacional da Ind\u00fastria (CNI), Robson Andrade, presente ao evento, destacou o desafio da manuten\u00e7\u00e3o dos investimentos em educa\u00e7\u00e3o realizados no Cear\u00e1 por meio do Servi\u00e7o Social da Ind\u00fastria (Sesi).<\/p>\n","protected":false},"excerpt":{"rendered":"<p>O empres\u00e1rio Ricardo Cavalcante tomou posse, nesta quinta-feira, dia 19 de setembro, como novo presidente da Federa\u00e7\u00e3o das Ind\u00fastrias do Estado do Cear\u00e1 (Fiec) pelos pr\u00f3ximos cinco anos. Ele vai substituir o tamb\u00e9m empres\u00e1rio Beto Studart. Ricardo Cavalcante era diretor administrativo da Fiec e presidente do Sindminerais. Ele diz que pretende focar a gest\u00e3o na busca de gera\u00e7\u00e3o de novos postos de trabalho. &#8220;O Sistema Fiec estar\u00e1 junto de todos aqueles comprometidos com a redu\u00e7\u00e3o das desigualdades regionais. Faremos&hellip;<\/p>\n","protected":false},"author":1,"featured_media":0,"comment_status":"open","ping_status":"open","sticky":false,"template":"","format":"standard","meta":{"footnotes":""},"categories":[1],"tags":[],"class_list":["post-13996","post","type-post","status-publish","format-standard","hentry","category-noticias"],"_links":{"self":[{"href":"https:\/\/blogdorogeriogomes.com.br\/noticias\/wp-json\/wp\/v2\/posts\/13996","targetHints":{"allow":["GET"]}}],"collection":[{"href":"https:\/\/blogdorogeriogomes.com.br\/noticias\/wp-json\/wp\/v2\/posts"}],"about":[{"href":"https:\/\/blogdorogeriogomes.com.br\/noticias\/wp-json\/wp\/v2\/types\/post"}],"author":[{"embeddable":true,"href":"https:\/\/blogdorogeriogomes.com.br\/noticias\/wp-json\/wp\/v2\/users\/1"}],"replies":[{"embeddable":true,"href":"https:\/\/blogdorogeriogomes.com.br\/noticias\/wp-json\/wp\/v2\/comments?post=13996"}],"version-history":[{"count":1,"href":"https:\/\/blogdorogeriogomes.com.br\/noticias\/wp-json\/wp\/v2\/posts\/13996\/revisions"}],"predecessor-version":[{"id":13998,"href":"https:\/\/blogdorogeriogomes.com.br\/noticias\/wp-json\/wp\/v2\/posts\/13996\/revisions\/13998"}],"wp:attachment":[{"href":"https:\/\/blogdorogeriogomes.com.br\/noticias\/wp-json\/wp\/v2\/media?parent=13996"}],"wp:term":[{"taxonomy":"category","embeddable":true,"href":"https:\/\/blogdorogeriogomes.com.br\/noticias\/wp-json\/wp\/v2\/categories?post=13996"},{"taxonomy":"post_tag","embeddable":true,"href":"https:\/\/blogdorogeriogomes.com.br\/noticias\/wp-json\/wp\/v2\/tags?post=13996"}],"curies":[{"name":"wp","href":"https:\/\/api.w.org\/{rel}","templated":true}]}}