{"id":13999,"date":"2019-09-20T09:19:25","date_gmt":"2019-09-20T09:19:25","guid":{"rendered":"http:\/\/blogdorogeriogomes.com.br\/?p=13999"},"modified":"2019-09-20T09:19:25","modified_gmt":"2019-09-20T09:19:25","slug":"acao-da-pf-contra-lider-do-senado-provoca-novo-desgaste-na-relacao-com-o-planalto","status":"publish","type":"post","link":"https:\/\/blogdorogeriogomes.com.br\/noticias\/2019\/09\/acao-da-pf-contra-lider-do-senado-provoca-novo-desgaste-na-relacao-com-o-planalto\/","title":{"rendered":"A\u00e7\u00e3o da PF contra l\u00edder do Senado provoca novo desgaste na rela\u00e7\u00e3o com o Planalto"},"content":{"rendered":"<p><img loading=\"lazy\" decoding=\"async\" class=\"alignnone size-medium wp-image-14000\" src=\"http:\/\/blogdorogeriogomes.com.br\/wp-content\/uploads\/2019\/09\/IMG_20190920_061523_208-300x235.jpg\" alt=\"IMG_20190920_061523_208\" width=\"300\" height=\"235\" srcset=\"https:\/\/blogdorogeriogomes.com.br\/noticias\/wp-content\/uploads\/2019\/09\/IMG_20190920_061523_208-300x235.jpg 300w, https:\/\/blogdorogeriogomes.com.br\/noticias\/wp-content\/uploads\/2019\/09\/IMG_20190920_061523_208.jpg 577w\" sizes=\"auto, (max-width: 300px) 100vw, 300px\" \/><\/p>\n<p>A a\u00e7\u00e3o da Pol\u00edcia Federal contra o l\u00edder do governo no Senado, Fernando Bezerra (MDB-PE), cria muitos problemas para o Planalto. Bolsonaro teve reuni\u00e3o a portas fechadas com o ministro da Justi\u00e7a, S\u00e9rgio Moro, nesta quinta-feira, dia 19 de setembro. O presidente e assessores avaliam que a a\u00e7\u00e3o da Pol\u00edcia Federal contra o senador tenha sido uma a\u00e7\u00e3o deliberada contra seu governo.<br \/>\nA situa\u00e7\u00e3o agora \u00e9 a seguinte: ou Bolsonaro afasta o seu l\u00edder do Senado ou endossa a a\u00e7\u00e3o do ministro Moro, que tenta manter a Lava Jato em evid\u00eancia, ap\u00f3s as descobertas do The Intercept Brasil.<br \/>\nA pr\u00f3pria defesa do senador Fernando Bezerra atribuiu a a\u00e7\u00e3o da PF a uma retalia\u00e7\u00e3o de Sergio Moro. \u201cFoi alvo de opera\u00e7\u00e3o da Pol\u00edcia Federal por sua atua\u00e7\u00e3o pol\u00edtica combativa em rela\u00e7\u00e3o a alguns pontos do pacote anticorrup\u00e7\u00e3o, encabe\u00e7ado pelo ministro da Justi\u00e7a, Sergio Moro\u201d, disse o advogado do senador Andr\u00e9 Callegari.<br \/>\nO presidente do Senado, Davi Alcolumbre se queixou que a opera\u00e7\u00e3o da Lava Jato, autorizada pelo ministro do Supremo Lu\u00eds Roberto Barroso, n\u00e3o tinha a anu\u00eancia da Procuradoria-Geral da Rep\u00fablica (PGR). Alcolumbre anunciou que ir\u00e1 ao Supremo Tribunal Federal (STF) contra a intimida\u00e7\u00e3o da Casa.<\/p>\n","protected":false},"excerpt":{"rendered":"<p>A a\u00e7\u00e3o da Pol\u00edcia Federal contra o l\u00edder do governo no Senado, Fernando Bezerra (MDB-PE), cria muitos problemas para o Planalto. Bolsonaro teve reuni\u00e3o a portas fechadas com o ministro da Justi\u00e7a, S\u00e9rgio Moro, nesta quinta-feira, dia 19 de setembro. O presidente e assessores avaliam que a a\u00e7\u00e3o da Pol\u00edcia Federal contra o senador tenha sido uma a\u00e7\u00e3o deliberada contra seu governo. A situa\u00e7\u00e3o agora \u00e9 a seguinte: ou Bolsonaro afasta o seu l\u00edder do Senado ou endossa a&hellip;<\/p>\n","protected":false},"author":1,"featured_media":0,"comment_status":"open","ping_status":"open","sticky":false,"template":"","format":"standard","meta":{"footnotes":""},"categories":[1],"tags":[],"class_list":["post-13999","post","type-post","status-publish","format-standard","hentry","category-noticias"],"_links":{"self":[{"href":"https:\/\/blogdorogeriogomes.com.br\/noticias\/wp-json\/wp\/v2\/posts\/13999","targetHints":{"allow":["GET"]}}],"collection":[{"href":"https:\/\/blogdorogeriogomes.com.br\/noticias\/wp-json\/wp\/v2\/posts"}],"about":[{"href":"https:\/\/blogdorogeriogomes.com.br\/noticias\/wp-json\/wp\/v2\/types\/post"}],"author":[{"embeddable":true,"href":"https:\/\/blogdorogeriogomes.com.br\/noticias\/wp-json\/wp\/v2\/users\/1"}],"replies":[{"embeddable":true,"href":"https:\/\/blogdorogeriogomes.com.br\/noticias\/wp-json\/wp\/v2\/comments?post=13999"}],"version-history":[{"count":1,"href":"https:\/\/blogdorogeriogomes.com.br\/noticias\/wp-json\/wp\/v2\/posts\/13999\/revisions"}],"predecessor-version":[{"id":14001,"href":"https:\/\/blogdorogeriogomes.com.br\/noticias\/wp-json\/wp\/v2\/posts\/13999\/revisions\/14001"}],"wp:attachment":[{"href":"https:\/\/blogdorogeriogomes.com.br\/noticias\/wp-json\/wp\/v2\/media?parent=13999"}],"wp:term":[{"taxonomy":"category","embeddable":true,"href":"https:\/\/blogdorogeriogomes.com.br\/noticias\/wp-json\/wp\/v2\/categories?post=13999"},{"taxonomy":"post_tag","embeddable":true,"href":"https:\/\/blogdorogeriogomes.com.br\/noticias\/wp-json\/wp\/v2\/tags?post=13999"}],"curies":[{"name":"wp","href":"https:\/\/api.w.org\/{rel}","templated":true}]}}