{"id":14008,"date":"2019-09-22T13:55:53","date_gmt":"2019-09-22T13:55:53","guid":{"rendered":"http:\/\/blogdorogeriogomes.com.br\/?p=14008"},"modified":"2019-09-22T13:55:53","modified_gmt":"2019-09-22T13:55:53","slug":"prefeitura-de-fortaleza-inicia-terceira-etapa-da-reforma-do-gonzaguinha-da-barra-do-ceara","status":"publish","type":"post","link":"https:\/\/blogdorogeriogomes.com.br\/noticias\/2019\/09\/prefeitura-de-fortaleza-inicia-terceira-etapa-da-reforma-do-gonzaguinha-da-barra-do-ceara\/","title":{"rendered":"Prefeitura de Fortaleza inicia terceira etapa da reforma do Gonzaguinha da Barra do Cear\u00e1"},"content":{"rendered":"<p><img loading=\"lazy\" decoding=\"async\" class=\"alignnone size-medium wp-image-14009\" src=\"http:\/\/blogdorogeriogomes.com.br\/wp-content\/uploads\/2019\/09\/hospital.rodrigo-300x176.jpg\" alt=\"hospital.rodrigo\" width=\"300\" height=\"176\" srcset=\"https:\/\/blogdorogeriogomes.com.br\/noticias\/wp-content\/uploads\/2019\/09\/hospital.rodrigo-300x176.jpg 300w, https:\/\/blogdorogeriogomes.com.br\/noticias\/wp-content\/uploads\/2019\/09\/hospital.rodrigo-768x451.jpg 768w, https:\/\/blogdorogeriogomes.com.br\/noticias\/wp-content\/uploads\/2019\/09\/hospital.rodrigo-1024x602.jpg 1024w\" sizes=\"auto, (max-width: 300px) 100vw, 300px\" \/><\/p>\n<p>O prefeito de Fortaleza, Roberto Cl\u00e1udio, assina nesta segunda-feira, dia 23 de setembro, a ordem de servi\u00e7o para in\u00edcio da terceira etapa da reforma do Hospital Gonzaguinha, da Barra do Cear\u00e1. O investimento \u00e9 de R$ 3 milh\u00f5es e 483 mil reais do Tesouro Municipal e vai proporcionar a restrutura\u00e7\u00e3o do equipamento. A a\u00e7\u00e3o faz parte do pacote de reformas e amplia\u00e7\u00f5es na rede hospitalar municipal.<br \/>\nA terceira etapa contempla a reforma e amplia\u00e7\u00e3o completa da emerg\u00eancia, com novos leitos de alojamento conjunto, totalizando uma \u00e1rea de 1.438,38m\u00b2. O equipamento j\u00e1 recebeu melhoria de toda coberta e parte el\u00e9trica da unidade, do centro cir\u00fargico e da sala de parto, al\u00e9m da adequa\u00e7\u00e3o do quadro geral de baixa tens\u00e3o. Ao fim das interven\u00e7\u00f5es, o Gonzaguinha da Barra do Cear\u00e1 passar\u00e1 a contar com 33 novos leitos de interna\u00e7\u00e3o e nove leitos de observa\u00e7\u00e3o.<br \/>\nDurante o per\u00edodo de obras, a unidade estar\u00e1 funcionando normalmente. O Gonzaguinha da Barra, localizado na Regional I, realiza, mensalmente, cerca de 5.200 atendimentos nas \u00e1reas de clinica m\u00e9dica, ginecologia e obstetr\u00edcia, al\u00e9m de realizar cirurgias de m\u00e9dia complexidade.<\/p>\n","protected":false},"excerpt":{"rendered":"<p>O prefeito de Fortaleza, Roberto Cl\u00e1udio, assina nesta segunda-feira, dia 23 de setembro, a ordem de servi\u00e7o para in\u00edcio da terceira etapa da reforma do Hospital Gonzaguinha, da Barra do Cear\u00e1. O investimento \u00e9 de R$ 3 milh\u00f5es e 483 mil reais do Tesouro Municipal e vai proporcionar a restrutura\u00e7\u00e3o do equipamento. A a\u00e7\u00e3o faz parte do pacote de reformas e amplia\u00e7\u00f5es na rede hospitalar municipal. A terceira etapa contempla a reforma e amplia\u00e7\u00e3o completa da emerg\u00eancia, com novos&hellip;<\/p>\n","protected":false},"author":1,"featured_media":0,"comment_status":"open","ping_status":"open","sticky":false,"template":"","format":"standard","meta":{"footnotes":""},"categories":[1],"tags":[],"class_list":["post-14008","post","type-post","status-publish","format-standard","hentry","category-noticias"],"_links":{"self":[{"href":"https:\/\/blogdorogeriogomes.com.br\/noticias\/wp-json\/wp\/v2\/posts\/14008","targetHints":{"allow":["GET"]}}],"collection":[{"href":"https:\/\/blogdorogeriogomes.com.br\/noticias\/wp-json\/wp\/v2\/posts"}],"about":[{"href":"https:\/\/blogdorogeriogomes.com.br\/noticias\/wp-json\/wp\/v2\/types\/post"}],"author":[{"embeddable":true,"href":"https:\/\/blogdorogeriogomes.com.br\/noticias\/wp-json\/wp\/v2\/users\/1"}],"replies":[{"embeddable":true,"href":"https:\/\/blogdorogeriogomes.com.br\/noticias\/wp-json\/wp\/v2\/comments?post=14008"}],"version-history":[{"count":1,"href":"https:\/\/blogdorogeriogomes.com.br\/noticias\/wp-json\/wp\/v2\/posts\/14008\/revisions"}],"predecessor-version":[{"id":14010,"href":"https:\/\/blogdorogeriogomes.com.br\/noticias\/wp-json\/wp\/v2\/posts\/14008\/revisions\/14010"}],"wp:attachment":[{"href":"https:\/\/blogdorogeriogomes.com.br\/noticias\/wp-json\/wp\/v2\/media?parent=14008"}],"wp:term":[{"taxonomy":"category","embeddable":true,"href":"https:\/\/blogdorogeriogomes.com.br\/noticias\/wp-json\/wp\/v2\/categories?post=14008"},{"taxonomy":"post_tag","embeddable":true,"href":"https:\/\/blogdorogeriogomes.com.br\/noticias\/wp-json\/wp\/v2\/tags?post=14008"}],"curies":[{"name":"wp","href":"https:\/\/api.w.org\/{rel}","templated":true}]}}