{"id":14011,"date":"2019-09-23T08:48:29","date_gmt":"2019-09-23T08:48:29","guid":{"rendered":"http:\/\/blogdorogeriogomes.com.br\/?p=14011"},"modified":"2019-09-23T08:48:29","modified_gmt":"2019-09-23T08:48:29","slug":"ataques-a-veiculos-em-fortaleza-e-rmf-voltam-a-deixar-autoridades-da-seguranca-publica-em-alerta","status":"publish","type":"post","link":"https:\/\/blogdorogeriogomes.com.br\/noticias\/2019\/09\/ataques-a-veiculos-em-fortaleza-e-rmf-voltam-a-deixar-autoridades-da-seguranca-publica-em-alerta\/","title":{"rendered":"Ataques a ve\u00edculos em Fortaleza e RMF voltam a deixar autoridades da seguran\u00e7a p\u00fablica em alerta"},"content":{"rendered":"<p><img loading=\"lazy\" decoding=\"async\" class=\"alignnone size-medium wp-image-14012\" src=\"http:\/\/blogdorogeriogomes.com.br\/wp-content\/uploads\/2019\/09\/1_ataques_fortaleza_maracanau_foto_leitor_via_whatsapp-10019128-300x179.jpeg\" alt=\"1_ataques_fortaleza_maracanau_foto_leitor_via_whatsapp-10019128\" width=\"300\" height=\"179\" srcset=\"https:\/\/blogdorogeriogomes.com.br\/noticias\/wp-content\/uploads\/2019\/09\/1_ataques_fortaleza_maracanau_foto_leitor_via_whatsapp-10019128-300x179.jpeg 300w, https:\/\/blogdorogeriogomes.com.br\/noticias\/wp-content\/uploads\/2019\/09\/1_ataques_fortaleza_maracanau_foto_leitor_via_whatsapp-10019128.jpeg 460w\" sizes=\"auto, (max-width: 300px) 100vw, 300px\" \/><\/p>\n<p>Ataques criminosos registrados durante o fim de semana em Fortaleza e Regi\u00e3o Metropolitana voltaram a deixar as autoridades da seguran\u00e7a p\u00fablica em estado de alerta. Pelo menos cinco ve\u00edculos foram incendiados no s\u00e1bado, 21 de setembro, e no domingo, dia 22. Entre as ocorr\u00eancias, um caminh\u00e3o carregado de papel higi\u00eanico pegou fogo no Parque Sul, em Maracana\u00fa.<br \/>\nTamb\u00e9m foram registradas ocorr\u00eancias com tentativa de inc\u00eandio a uma loja de ve\u00edculos na avenida Godofredo Maciel, no Mondubim, e contra um ve\u00edculo no bairro Ca\u00e7a e Pesca. Nos dois casos, o fogo foi logo contornado.<br \/>\nO comandante geral da Pol\u00edcia Militar, coronel Alexandre \u00c1vila de Vasconcelos, enviou \u00e1udio \u00e0 tropa no qual pede que todos os homens da Pol\u00edcia Militar do Cear\u00e1 estejam atentos \u00e0 onda de ataques que v\u00eam acontecendo na Capital. A c\u00fapula da seguran\u00e7a p\u00fablica se reuniu ainda na noite de domingo, dia 22, para tra\u00e7ar diretrizes a fim de reagir em caso do novos ataques.<\/p>\n","protected":false},"excerpt":{"rendered":"<p>Ataques criminosos registrados durante o fim de semana em Fortaleza e Regi\u00e3o Metropolitana voltaram a deixar as autoridades da seguran\u00e7a p\u00fablica em estado de alerta. Pelo menos cinco ve\u00edculos foram incendiados no s\u00e1bado, 21 de setembro, e no domingo, dia 22. Entre as ocorr\u00eancias, um caminh\u00e3o carregado de papel higi\u00eanico pegou fogo no Parque Sul, em Maracana\u00fa. Tamb\u00e9m foram registradas ocorr\u00eancias com tentativa de inc\u00eandio a uma loja de ve\u00edculos na avenida Godofredo Maciel, no Mondubim, e contra um&hellip;<\/p>\n","protected":false},"author":1,"featured_media":0,"comment_status":"open","ping_status":"open","sticky":false,"template":"","format":"standard","meta":{"footnotes":""},"categories":[1],"tags":[],"class_list":["post-14011","post","type-post","status-publish","format-standard","hentry","category-noticias"],"_links":{"self":[{"href":"https:\/\/blogdorogeriogomes.com.br\/noticias\/wp-json\/wp\/v2\/posts\/14011","targetHints":{"allow":["GET"]}}],"collection":[{"href":"https:\/\/blogdorogeriogomes.com.br\/noticias\/wp-json\/wp\/v2\/posts"}],"about":[{"href":"https:\/\/blogdorogeriogomes.com.br\/noticias\/wp-json\/wp\/v2\/types\/post"}],"author":[{"embeddable":true,"href":"https:\/\/blogdorogeriogomes.com.br\/noticias\/wp-json\/wp\/v2\/users\/1"}],"replies":[{"embeddable":true,"href":"https:\/\/blogdorogeriogomes.com.br\/noticias\/wp-json\/wp\/v2\/comments?post=14011"}],"version-history":[{"count":1,"href":"https:\/\/blogdorogeriogomes.com.br\/noticias\/wp-json\/wp\/v2\/posts\/14011\/revisions"}],"predecessor-version":[{"id":14013,"href":"https:\/\/blogdorogeriogomes.com.br\/noticias\/wp-json\/wp\/v2\/posts\/14011\/revisions\/14013"}],"wp:attachment":[{"href":"https:\/\/blogdorogeriogomes.com.br\/noticias\/wp-json\/wp\/v2\/media?parent=14011"}],"wp:term":[{"taxonomy":"category","embeddable":true,"href":"https:\/\/blogdorogeriogomes.com.br\/noticias\/wp-json\/wp\/v2\/categories?post=14011"},{"taxonomy":"post_tag","embeddable":true,"href":"https:\/\/blogdorogeriogomes.com.br\/noticias\/wp-json\/wp\/v2\/tags?post=14011"}],"curies":[{"name":"wp","href":"https:\/\/api.w.org\/{rel}","templated":true}]}}