{"id":14014,"date":"2019-09-23T09:09:01","date_gmt":"2019-09-23T09:09:01","guid":{"rendered":"http:\/\/blogdorogeriogomes.com.br\/?p=14014"},"modified":"2019-09-23T09:09:01","modified_gmt":"2019-09-23T09:09:01","slug":"bolsonaro-estreia-com-discurso-na-abertura-da-assembleia-da-onu-sob-perspectiva-de-protestos","status":"publish","type":"post","link":"https:\/\/blogdorogeriogomes.com.br\/noticias\/2019\/09\/bolsonaro-estreia-com-discurso-na-abertura-da-assembleia-da-onu-sob-perspectiva-de-protestos\/","title":{"rendered":"Bolsonaro estreia com discurso na abertura da Assembleia da ONU sob perspectiva de protestos"},"content":{"rendered":"<p><img loading=\"lazy\" decoding=\"async\" class=\"alignnone size-medium wp-image-14015\" src=\"http:\/\/blogdorogeriogomes.com.br\/wp-content\/uploads\/2019\/09\/images-2019-09-23T060401.345-300x157.jpeg\" alt=\"images - 2019-09-23T060401.345\" width=\"300\" height=\"157\" srcset=\"https:\/\/blogdorogeriogomes.com.br\/noticias\/wp-content\/uploads\/2019\/09\/images-2019-09-23T060401.345-300x157.jpeg 300w, https:\/\/blogdorogeriogomes.com.br\/noticias\/wp-content\/uploads\/2019\/09\/images-2019-09-23T060401.345.jpeg 766w\" sizes=\"auto, (max-width: 300px) 100vw, 300px\" \/><\/p>\n<p>Depois de receber a permiss\u00e3o de sua equipe m\u00e9dica ap\u00f3s fazer um procedimento cir\u00fargico, o presidente Jair Bolsonaro deve fazer a sua estreia na abertura da Assembleia da ONU, nesta ter\u00e7a-feira, dia 24 de setembro. \u00c9 tradi\u00e7\u00e3o que o Brasil fa\u00e7a o discurso que d\u00e1 in\u00edcio \u00e0s discuss\u00f5es. A fala de Bolsonaro \u00e9 esperada com expectativa.<br \/>\nS\u00e3o aguardados protestos de ambientalistas fora do plen\u00e1rio, como tamb\u00e9m \u00e9 poss\u00edvel haver rea\u00e7\u00f5es negativas de outros chefes de estado que n\u00e3o concordam com as pol\u00edticas de antiambientalismo, defesa de ditaduras e homofobismo defendidas pelo presidente brasileiro.<br \/>\nFontes do Governo adiantam que o conte\u00fado do discurso de Bolsonaro deve abordar a defesa intensa da soberania nacional, avalia\u00e7\u00f5es sobre a situa\u00e7\u00e3o ambiental e as medidas de prote\u00e7\u00e3o adotadas e cr\u00edticas contundentes a Cuba e Venezuela.<\/p>\n","protected":false},"excerpt":{"rendered":"<p>Depois de receber a permiss\u00e3o de sua equipe m\u00e9dica ap\u00f3s fazer um procedimento cir\u00fargico, o presidente Jair Bolsonaro deve fazer a sua estreia na abertura da Assembleia da ONU, nesta ter\u00e7a-feira, dia 24 de setembro. \u00c9 tradi\u00e7\u00e3o que o Brasil fa\u00e7a o discurso que d\u00e1 in\u00edcio \u00e0s discuss\u00f5es. A fala de Bolsonaro \u00e9 esperada com expectativa. S\u00e3o aguardados protestos de ambientalistas fora do plen\u00e1rio, como tamb\u00e9m \u00e9 poss\u00edvel haver rea\u00e7\u00f5es negativas de outros chefes de estado que n\u00e3o concordam&hellip;<\/p>\n","protected":false},"author":1,"featured_media":0,"comment_status":"open","ping_status":"open","sticky":false,"template":"","format":"standard","meta":{"footnotes":""},"categories":[1],"tags":[],"class_list":["post-14014","post","type-post","status-publish","format-standard","hentry","category-noticias"],"_links":{"self":[{"href":"https:\/\/blogdorogeriogomes.com.br\/noticias\/wp-json\/wp\/v2\/posts\/14014","targetHints":{"allow":["GET"]}}],"collection":[{"href":"https:\/\/blogdorogeriogomes.com.br\/noticias\/wp-json\/wp\/v2\/posts"}],"about":[{"href":"https:\/\/blogdorogeriogomes.com.br\/noticias\/wp-json\/wp\/v2\/types\/post"}],"author":[{"embeddable":true,"href":"https:\/\/blogdorogeriogomes.com.br\/noticias\/wp-json\/wp\/v2\/users\/1"}],"replies":[{"embeddable":true,"href":"https:\/\/blogdorogeriogomes.com.br\/noticias\/wp-json\/wp\/v2\/comments?post=14014"}],"version-history":[{"count":1,"href":"https:\/\/blogdorogeriogomes.com.br\/noticias\/wp-json\/wp\/v2\/posts\/14014\/revisions"}],"predecessor-version":[{"id":14016,"href":"https:\/\/blogdorogeriogomes.com.br\/noticias\/wp-json\/wp\/v2\/posts\/14014\/revisions\/14016"}],"wp:attachment":[{"href":"https:\/\/blogdorogeriogomes.com.br\/noticias\/wp-json\/wp\/v2\/media?parent=14014"}],"wp:term":[{"taxonomy":"category","embeddable":true,"href":"https:\/\/blogdorogeriogomes.com.br\/noticias\/wp-json\/wp\/v2\/categories?post=14014"},{"taxonomy":"post_tag","embeddable":true,"href":"https:\/\/blogdorogeriogomes.com.br\/noticias\/wp-json\/wp\/v2\/tags?post=14014"}],"curies":[{"name":"wp","href":"https:\/\/api.w.org\/{rel}","templated":true}]}}