{"id":14017,"date":"2019-09-23T20:48:23","date_gmt":"2019-09-23T20:48:23","guid":{"rendered":"http:\/\/blogdorogeriogomes.com.br\/?p=14017"},"modified":"2019-09-23T20:48:23","modified_gmt":"2019-09-23T20:48:23","slug":"stj-define-substituto-que-podera-autorizar-saida-de-lula-da-prisao","status":"publish","type":"post","link":"https:\/\/blogdorogeriogomes.com.br\/noticias\/2019\/09\/stj-define-substituto-que-podera-autorizar-saida-de-lula-da-prisao\/","title":{"rendered":"STJ define substituto que poder\u00e1 autorizar sa\u00edda de Lula da pris\u00e3o"},"content":{"rendered":"<p><img loading=\"lazy\" decoding=\"async\" class=\"alignnone size-medium wp-image-14018\" src=\"http:\/\/blogdorogeriogomes.com.br\/wp-content\/uploads\/2019\/09\/images-2019-09-23T174332.977-300x168.jpeg\" alt=\"images - 2019-09-23T174332.977\" width=\"300\" height=\"168\" srcset=\"https:\/\/blogdorogeriogomes.com.br\/noticias\/wp-content\/uploads\/2019\/09\/images-2019-09-23T174332.977-300x168.jpeg 300w, https:\/\/blogdorogeriogomes.com.br\/noticias\/wp-content\/uploads\/2019\/09\/images-2019-09-23T174332.977.jpeg 739w\" sizes=\"auto, (max-width: 300px) 100vw, 300px\" \/><\/p>\n<p>O Superior Tribunal de Justi\u00e7a est\u00e1 apto a julgar a mudan\u00e7a do regime prisional do ex-presidente Lula, que hoje cumpre o fechado na Superintend\u00eancia da Pol\u00edcia Federal, em Curitiba. O desembargador Leopoldo Raposo, do Tribunal de Justi\u00e7a de Pernambuco, vai ocupar o lugar do ministro Felix Fischer, na 5\u00aa Turma e na 3\u00aa Se\u00e7\u00e3o do STJ, que est\u00e1 afastado da corte por motivo de sa\u00fade.<br \/>\nRaposo assume as fun\u00e7\u00f5es de Fischer a partir desta ter\u00e7a-feira, dia 24 de setembro. Fischer \u00e9 o relator das a\u00e7\u00f5es ligadas \u00e0 Opera\u00e7\u00e3o Lava Jato no STJ.<br \/>\nA defesa do ex-presidente Lula entrou com recurso em que pede para Lula mudar de regime e continuar a cumprir a pena no caso do tr\u00edplex em regime aberto, em casa. O ex-presidente alcan\u00e7ou 1\/6 da pena a que foi condenado na a\u00e7\u00e3o do tr\u00edplex, mas ex-presidente aposta na anula\u00e7\u00e3o de seus processos na Lava Jato.<br \/>\nEm parecer representando o Minist\u00e9rio P\u00fablico Federal no processo, a subprocuradora da Rep\u00fablica \u00c1urea Pierre afirmou que Lula j\u00e1 possui direito a ir para o regime semiaberto, quando o condenado sai para trabalhar durante o dia e dorme na cadeia.<\/p>\n","protected":false},"excerpt":{"rendered":"<p>O Superior Tribunal de Justi\u00e7a est\u00e1 apto a julgar a mudan\u00e7a do regime prisional do ex-presidente Lula, que hoje cumpre o fechado na Superintend\u00eancia da Pol\u00edcia Federal, em Curitiba. O desembargador Leopoldo Raposo, do Tribunal de Justi\u00e7a de Pernambuco, vai ocupar o lugar do ministro Felix Fischer, na 5\u00aa Turma e na 3\u00aa Se\u00e7\u00e3o do STJ, que est\u00e1 afastado da corte por motivo de sa\u00fade. Raposo assume as fun\u00e7\u00f5es de Fischer a partir desta ter\u00e7a-feira, dia 24 de setembro.&hellip;<\/p>\n","protected":false},"author":1,"featured_media":0,"comment_status":"open","ping_status":"open","sticky":false,"template":"","format":"standard","meta":{"footnotes":""},"categories":[1],"tags":[],"class_list":["post-14017","post","type-post","status-publish","format-standard","hentry","category-noticias"],"_links":{"self":[{"href":"https:\/\/blogdorogeriogomes.com.br\/noticias\/wp-json\/wp\/v2\/posts\/14017","targetHints":{"allow":["GET"]}}],"collection":[{"href":"https:\/\/blogdorogeriogomes.com.br\/noticias\/wp-json\/wp\/v2\/posts"}],"about":[{"href":"https:\/\/blogdorogeriogomes.com.br\/noticias\/wp-json\/wp\/v2\/types\/post"}],"author":[{"embeddable":true,"href":"https:\/\/blogdorogeriogomes.com.br\/noticias\/wp-json\/wp\/v2\/users\/1"}],"replies":[{"embeddable":true,"href":"https:\/\/blogdorogeriogomes.com.br\/noticias\/wp-json\/wp\/v2\/comments?post=14017"}],"version-history":[{"count":1,"href":"https:\/\/blogdorogeriogomes.com.br\/noticias\/wp-json\/wp\/v2\/posts\/14017\/revisions"}],"predecessor-version":[{"id":14019,"href":"https:\/\/blogdorogeriogomes.com.br\/noticias\/wp-json\/wp\/v2\/posts\/14017\/revisions\/14019"}],"wp:attachment":[{"href":"https:\/\/blogdorogeriogomes.com.br\/noticias\/wp-json\/wp\/v2\/media?parent=14017"}],"wp:term":[{"taxonomy":"category","embeddable":true,"href":"https:\/\/blogdorogeriogomes.com.br\/noticias\/wp-json\/wp\/v2\/categories?post=14017"},{"taxonomy":"post_tag","embeddable":true,"href":"https:\/\/blogdorogeriogomes.com.br\/noticias\/wp-json\/wp\/v2\/tags?post=14017"}],"curies":[{"name":"wp","href":"https:\/\/api.w.org\/{rel}","templated":true}]}}