{"id":14020,"date":"2019-09-23T21:15:13","date_gmt":"2019-09-23T21:15:13","guid":{"rendered":"http:\/\/blogdorogeriogomes.com.br\/?p=14020"},"modified":"2019-09-23T21:15:13","modified_gmt":"2019-09-23T21:15:13","slug":"onibus-de-fortaleza-terao-frota-reduzida-nesta-segunda-feira-e-passam-a-ter-escolta-da-policia-militar","status":"publish","type":"post","link":"https:\/\/blogdorogeriogomes.com.br\/noticias\/2019\/09\/onibus-de-fortaleza-terao-frota-reduzida-nesta-segunda-feira-e-passam-a-ter-escolta-da-policia-militar\/","title":{"rendered":"\u00d4nibus de Fortaleza ter\u00e3o frota reduzida nesta segunda-feira e passam a ter escolta da Pol\u00edcia Militar"},"content":{"rendered":"<p><img loading=\"lazy\" decoding=\"async\" class=\"alignnone size-medium wp-image-14022\" src=\"http:\/\/blogdorogeriogomes.com.br\/wp-content\/uploads\/2019\/09\/IMG-20190923-WA0150-300x195.jpg\" alt=\"IMG-20190923-WA0150\" width=\"300\" height=\"195\" srcset=\"https:\/\/blogdorogeriogomes.com.br\/noticias\/wp-content\/uploads\/2019\/09\/IMG-20190923-WA0150-300x195.jpg 300w, https:\/\/blogdorogeriogomes.com.br\/noticias\/wp-content\/uploads\/2019\/09\/IMG-20190923-WA0150.jpg 760w\" sizes=\"auto, (max-width: 300px) 100vw, 300px\" \/><\/p>\n<p>Ap\u00f3s os ataques a \u00f4nibus de Fortaleza, registrados nesta segunda-feira, dia 23 de setembro, o Sindionibus confirmou que a frota da Capital ser\u00e1 reduzida e passar\u00e1 a andar escoltada pela Pol\u00edcia Militar ainda nesta noite de segunda-feira.<br \/>\nO governador Camilo Santana se reuniu com a c\u00fapula da seguran\u00e7a p\u00fablica no Pal\u00e1cio da Aboli\u00e7\u00e3o e determinou o endurecimento no combate \u00e0 criminalidade e no cumprimento da lei nas unidades prisionais.<br \/>\nO in\u00edcio da semana foi de novos ataques em bairros de Fortaleza. Pelo menos dois ve\u00edculos da Enel Distribui\u00e7\u00e3o, um da Cagece e dois \u00f4nibus do transporte coletivo foram incendiados.<br \/>\nOs ataques criminosos acontecem desde a sexta-feira passada, dia 20 de setembro, e atingem tamb\u00e9m cidades do interior do Cear\u00e1. A Secretaria de Seguran\u00e7a P\u00fablica investiga os ataques, mas ainda n\u00e3o confirma se as a\u00e7\u00f5es s\u00e3o orquestradas por alguma fac\u00e7\u00e3o criminosa.<\/p>\n","protected":false},"excerpt":{"rendered":"<p>Ap\u00f3s os ataques a \u00f4nibus de Fortaleza, registrados nesta segunda-feira, dia 23 de setembro, o Sindionibus confirmou que a frota da Capital ser\u00e1 reduzida e passar\u00e1 a andar escoltada pela Pol\u00edcia Militar ainda nesta noite de segunda-feira. O governador Camilo Santana se reuniu com a c\u00fapula da seguran\u00e7a p\u00fablica no Pal\u00e1cio da Aboli\u00e7\u00e3o e determinou o endurecimento no combate \u00e0 criminalidade e no cumprimento da lei nas unidades prisionais. O in\u00edcio da semana foi de novos ataques em bairros&hellip;<\/p>\n","protected":false},"author":1,"featured_media":0,"comment_status":"open","ping_status":"open","sticky":false,"template":"","format":"standard","meta":{"footnotes":""},"categories":[1],"tags":[],"class_list":["post-14020","post","type-post","status-publish","format-standard","hentry","category-noticias"],"_links":{"self":[{"href":"https:\/\/blogdorogeriogomes.com.br\/noticias\/wp-json\/wp\/v2\/posts\/14020","targetHints":{"allow":["GET"]}}],"collection":[{"href":"https:\/\/blogdorogeriogomes.com.br\/noticias\/wp-json\/wp\/v2\/posts"}],"about":[{"href":"https:\/\/blogdorogeriogomes.com.br\/noticias\/wp-json\/wp\/v2\/types\/post"}],"author":[{"embeddable":true,"href":"https:\/\/blogdorogeriogomes.com.br\/noticias\/wp-json\/wp\/v2\/users\/1"}],"replies":[{"embeddable":true,"href":"https:\/\/blogdorogeriogomes.com.br\/noticias\/wp-json\/wp\/v2\/comments?post=14020"}],"version-history":[{"count":1,"href":"https:\/\/blogdorogeriogomes.com.br\/noticias\/wp-json\/wp\/v2\/posts\/14020\/revisions"}],"predecessor-version":[{"id":14023,"href":"https:\/\/blogdorogeriogomes.com.br\/noticias\/wp-json\/wp\/v2\/posts\/14020\/revisions\/14023"}],"wp:attachment":[{"href":"https:\/\/blogdorogeriogomes.com.br\/noticias\/wp-json\/wp\/v2\/media?parent=14020"}],"wp:term":[{"taxonomy":"category","embeddable":true,"href":"https:\/\/blogdorogeriogomes.com.br\/noticias\/wp-json\/wp\/v2\/categories?post=14020"},{"taxonomy":"post_tag","embeddable":true,"href":"https:\/\/blogdorogeriogomes.com.br\/noticias\/wp-json\/wp\/v2\/tags?post=14020"}],"curies":[{"name":"wp","href":"https:\/\/api.w.org\/{rel}","templated":true}]}}