{"id":14024,"date":"2019-09-24T09:00:28","date_gmt":"2019-09-24T09:00:28","guid":{"rendered":"http:\/\/blogdorogeriogomes.com.br\/?p=14024"},"modified":"2019-09-24T09:00:28","modified_gmt":"2019-09-24T09:00:28","slug":"pms-em-ferias-sao-convocados-para-reforcar-o-policiamento-nas-ruas-contra-ataques-criminosos","status":"publish","type":"post","link":"https:\/\/blogdorogeriogomes.com.br\/noticias\/2019\/09\/pms-em-ferias-sao-convocados-para-reforcar-o-policiamento-nas-ruas-contra-ataques-criminosos\/","title":{"rendered":"PMs em f\u00e9rias s\u00e3o convocados para refor\u00e7ar o policiamento nas ruas contra ataques criminosos"},"content":{"rendered":"<p><img loading=\"lazy\" decoding=\"async\" class=\"alignnone size-medium wp-image-14025\" src=\"http:\/\/blogdorogeriogomes.com.br\/wp-content\/uploads\/2019\/09\/IMG-20190923-WA0079-300x169.jpg\" alt=\"IMG-20190923-WA0079\" width=\"300\" height=\"169\" srcset=\"https:\/\/blogdorogeriogomes.com.br\/noticias\/wp-content\/uploads\/2019\/09\/IMG-20190923-WA0079-300x169.jpg 300w, https:\/\/blogdorogeriogomes.com.br\/noticias\/wp-content\/uploads\/2019\/09\/IMG-20190923-WA0079-768x432.jpg 768w, https:\/\/blogdorogeriogomes.com.br\/noticias\/wp-content\/uploads\/2019\/09\/IMG-20190923-WA0079-1024x576.jpg 1024w, https:\/\/blogdorogeriogomes.com.br\/noticias\/wp-content\/uploads\/2019\/09\/IMG-20190923-WA0079.jpg 1280w\" sizes=\"auto, (max-width: 300px) 100vw, 300px\" \/><\/p>\n<p>Pelo menos, 26 ataques criminosos j\u00e1 foram registrados de sexta-feira, dia 20 de setembro, at\u00e9 a madrugada desta ter\u00e7a-feira, dia 24, em todo o Cear\u00e1, tendo como alvos \u00f4nibus do transporte p\u00fablico, caminh\u00f5es e carros particulares, al\u00e9m de tr\u00eas ve\u00edculos da Enel e uma da Cagece.<br \/>\nAs \u00faltimas ocorr\u00eancias foram contra o pr\u00e9dio da 15\u00aa Unidade do Juizado Especial C\u00edvel e Criminal, no Bairro Vila Velha, em Fortaleza, e contra a garagem da Prefeitura de Juc\u00e1s, no Centro-Sul do Estado. Oito pessoas foram presas e dois adolescentes apreendidos por envolvimento nas a\u00e7\u00f5es criminosas.<br \/>\nA Secretaria da Seguran\u00e7a P\u00fablica e Defesa Social (SSPDS) s\u00f3 confirma um balan\u00e7o parcial de 15 ataques ocorridos no Cear\u00e1 desde a noite de s\u00e1bado, dia 21.<br \/>\nPara refor\u00e7ar o policiamento ostensivo, policiais militares que estavam de f\u00e9rias retornar\u00e3o \u00e0s atividades e servidores que estavam em cursos tiveram as aulas suspensas para atuarem no policiamento na Capital e interior.<\/p>\n","protected":false},"excerpt":{"rendered":"<p>Pelo menos, 26 ataques criminosos j\u00e1 foram registrados de sexta-feira, dia 20 de setembro, at\u00e9 a madrugada desta ter\u00e7a-feira, dia 24, em todo o Cear\u00e1, tendo como alvos \u00f4nibus do transporte p\u00fablico, caminh\u00f5es e carros particulares, al\u00e9m de tr\u00eas ve\u00edculos da Enel e uma da Cagece. As \u00faltimas ocorr\u00eancias foram contra o pr\u00e9dio da 15\u00aa Unidade do Juizado Especial C\u00edvel e Criminal, no Bairro Vila Velha, em Fortaleza, e contra a garagem da Prefeitura de Juc\u00e1s, no Centro-Sul do&hellip;<\/p>\n","protected":false},"author":1,"featured_media":0,"comment_status":"open","ping_status":"open","sticky":false,"template":"","format":"standard","meta":{"footnotes":""},"categories":[1],"tags":[],"class_list":["post-14024","post","type-post","status-publish","format-standard","hentry","category-noticias"],"_links":{"self":[{"href":"https:\/\/blogdorogeriogomes.com.br\/noticias\/wp-json\/wp\/v2\/posts\/14024","targetHints":{"allow":["GET"]}}],"collection":[{"href":"https:\/\/blogdorogeriogomes.com.br\/noticias\/wp-json\/wp\/v2\/posts"}],"about":[{"href":"https:\/\/blogdorogeriogomes.com.br\/noticias\/wp-json\/wp\/v2\/types\/post"}],"author":[{"embeddable":true,"href":"https:\/\/blogdorogeriogomes.com.br\/noticias\/wp-json\/wp\/v2\/users\/1"}],"replies":[{"embeddable":true,"href":"https:\/\/blogdorogeriogomes.com.br\/noticias\/wp-json\/wp\/v2\/comments?post=14024"}],"version-history":[{"count":1,"href":"https:\/\/blogdorogeriogomes.com.br\/noticias\/wp-json\/wp\/v2\/posts\/14024\/revisions"}],"predecessor-version":[{"id":14026,"href":"https:\/\/blogdorogeriogomes.com.br\/noticias\/wp-json\/wp\/v2\/posts\/14024\/revisions\/14026"}],"wp:attachment":[{"href":"https:\/\/blogdorogeriogomes.com.br\/noticias\/wp-json\/wp\/v2\/media?parent=14024"}],"wp:term":[{"taxonomy":"category","embeddable":true,"href":"https:\/\/blogdorogeriogomes.com.br\/noticias\/wp-json\/wp\/v2\/categories?post=14024"},{"taxonomy":"post_tag","embeddable":true,"href":"https:\/\/blogdorogeriogomes.com.br\/noticias\/wp-json\/wp\/v2\/tags?post=14024"}],"curies":[{"name":"wp","href":"https:\/\/api.w.org\/{rel}","templated":true}]}}