{"id":14027,"date":"2019-09-24T09:23:47","date_gmt":"2019-09-24T09:23:47","guid":{"rendered":"http:\/\/blogdorogeriogomes.com.br\/?p=14027"},"modified":"2019-09-24T09:23:47","modified_gmt":"2019-09-24T09:23:47","slug":"pacote-anticrime-de-moro-volta-para-a-pauta-sob-pressao-dos-deputados-apos-assassinato-da-menina-agatha-felix-no-rio","status":"publish","type":"post","link":"https:\/\/blogdorogeriogomes.com.br\/noticias\/2019\/09\/pacote-anticrime-de-moro-volta-para-a-pauta-sob-pressao-dos-deputados-apos-assassinato-da-menina-agatha-felix-no-rio\/","title":{"rendered":"Pacote anticrime de Moro volta para a pauta sob press\u00e3o dos deputados ap\u00f3s assassinato da menina \u00c1gatha F\u00e9lix no Rio"},"content":{"rendered":"<p><img loading=\"lazy\" decoding=\"async\" class=\"alignnone size-medium wp-image-14028\" src=\"http:\/\/blogdorogeriogomes.com.br\/wp-content\/uploads\/2019\/09\/15691804235d87cb07b832e_1569180423_3x2_md-300x200.jpg\" alt=\"15691804235d87cb07b832e_1569180423_3x2_md\" width=\"300\" height=\"200\" srcset=\"https:\/\/blogdorogeriogomes.com.br\/noticias\/wp-content\/uploads\/2019\/09\/15691804235d87cb07b832e_1569180423_3x2_md-300x200.jpg 300w, https:\/\/blogdorogeriogomes.com.br\/noticias\/wp-content\/uploads\/2019\/09\/15691804235d87cb07b832e_1569180423_3x2_md.jpg 768w\" sizes=\"auto, (max-width: 300px) 100vw, 300px\" \/><\/p>\n<p>O item chamado de \u201cexcludente de ilicitude\u201d, que relaxa a puni\u00e7\u00e3o de agentes de seguran\u00e7a que cometam crimes sob \u201cviolenta emo\u00e7\u00e3o\u201d, deve ser discutido nesta ter\u00e7a-feira, dia 24 de setembro, pelo grupo de trabalho que estuda o projeto anticrime do ministro da Justi\u00e7a, S\u00e9rgio Moro, e do ministro Alexandre de Moraes, do STF (Supremo Tribunal Federal). Segundo parlamentares, h\u00e1 maioria para modificar o trecho e alguns deputados defendem sua supress\u00e3o do texto.<br \/>\nH\u00e1 o risco iminente de o grupo de trabalho que analisa o projeto vetar seus pontos mais controversos ap\u00f3s o assassinato da menina \u00c1gatha F\u00e9lix, no Rio de Janeiro. A suspeita \u00e9 que a garota de apenas oito anos de idade tenha sido morta por um tiro disparado por policial na regi\u00e3o do Complexo do Alem\u00e3o que pretendia atingir outra pessoa.<br \/>\nEsta n\u00e3o seria a primeira derrota do pacote do ministro Moro no colegiado. J\u00e1 caiu, por exemplo, a pris\u00e3o ap\u00f3s condena\u00e7\u00e3o em segunda inst\u00e2ncia, que, no entendimento do grupo, precisaria ser sugerida via Proposta de Emenda \u00e0 Constitui\u00e7\u00e3o (PEC).<\/p>\n","protected":false},"excerpt":{"rendered":"<p>O item chamado de \u201cexcludente de ilicitude\u201d, que relaxa a puni\u00e7\u00e3o de agentes de seguran\u00e7a que cometam crimes sob \u201cviolenta emo\u00e7\u00e3o\u201d, deve ser discutido nesta ter\u00e7a-feira, dia 24 de setembro, pelo grupo de trabalho que estuda o projeto anticrime do ministro da Justi\u00e7a, S\u00e9rgio Moro, e do ministro Alexandre de Moraes, do STF (Supremo Tribunal Federal). Segundo parlamentares, h\u00e1 maioria para modificar o trecho e alguns deputados defendem sua supress\u00e3o do texto. H\u00e1 o risco iminente de o grupo&hellip;<\/p>\n","protected":false},"author":1,"featured_media":0,"comment_status":"open","ping_status":"open","sticky":false,"template":"","format":"standard","meta":{"footnotes":""},"categories":[1],"tags":[],"class_list":["post-14027","post","type-post","status-publish","format-standard","hentry","category-noticias"],"_links":{"self":[{"href":"https:\/\/blogdorogeriogomes.com.br\/noticias\/wp-json\/wp\/v2\/posts\/14027","targetHints":{"allow":["GET"]}}],"collection":[{"href":"https:\/\/blogdorogeriogomes.com.br\/noticias\/wp-json\/wp\/v2\/posts"}],"about":[{"href":"https:\/\/blogdorogeriogomes.com.br\/noticias\/wp-json\/wp\/v2\/types\/post"}],"author":[{"embeddable":true,"href":"https:\/\/blogdorogeriogomes.com.br\/noticias\/wp-json\/wp\/v2\/users\/1"}],"replies":[{"embeddable":true,"href":"https:\/\/blogdorogeriogomes.com.br\/noticias\/wp-json\/wp\/v2\/comments?post=14027"}],"version-history":[{"count":1,"href":"https:\/\/blogdorogeriogomes.com.br\/noticias\/wp-json\/wp\/v2\/posts\/14027\/revisions"}],"predecessor-version":[{"id":14029,"href":"https:\/\/blogdorogeriogomes.com.br\/noticias\/wp-json\/wp\/v2\/posts\/14027\/revisions\/14029"}],"wp:attachment":[{"href":"https:\/\/blogdorogeriogomes.com.br\/noticias\/wp-json\/wp\/v2\/media?parent=14027"}],"wp:term":[{"taxonomy":"category","embeddable":true,"href":"https:\/\/blogdorogeriogomes.com.br\/noticias\/wp-json\/wp\/v2\/categories?post=14027"},{"taxonomy":"post_tag","embeddable":true,"href":"https:\/\/blogdorogeriogomes.com.br\/noticias\/wp-json\/wp\/v2\/tags?post=14027"}],"curies":[{"name":"wp","href":"https:\/\/api.w.org\/{rel}","templated":true}]}}