{"id":14033,"date":"2019-09-24T21:31:24","date_gmt":"2019-09-24T21:31:24","guid":{"rendered":"http:\/\/blogdorogeriogomes.com.br\/?p=14033"},"modified":"2019-09-24T21:31:24","modified_gmt":"2019-09-24T21:31:24","slug":"se-ataques-diminuirem-frota-de-onibus-podera-ser-normalizada-nesta-quarta-feira","status":"publish","type":"post","link":"https:\/\/blogdorogeriogomes.com.br\/noticias\/2019\/09\/se-ataques-diminuirem-frota-de-onibus-podera-ser-normalizada-nesta-quarta-feira\/","title":{"rendered":"Se ataques diminu\u00edrem, frota de \u00f4nibus poder\u00e1 ser normalizada nesta quarta-feira"},"content":{"rendered":"<p><img loading=\"lazy\" decoding=\"async\" class=\"alignnone size-medium wp-image-14035\" src=\"http:\/\/blogdorogeriogomes.com.br\/wp-content\/uploads\/2019\/09\/onibus-escoltado-300x225.jpg\" alt=\"onibus-escoltado\" width=\"300\" height=\"225\" srcset=\"https:\/\/blogdorogeriogomes.com.br\/noticias\/wp-content\/uploads\/2019\/09\/onibus-escoltado-300x225.jpg 300w, https:\/\/blogdorogeriogomes.com.br\/noticias\/wp-content\/uploads\/2019\/09\/onibus-escoltado.jpg 695w\" sizes=\"auto, (max-width: 300px) 100vw, 300px\" \/><\/p>\n<p>Os ataques criminosos em Fortaleza atingem diretamente o transporte coletivo. De acordo com o Sindionibus, a frota circulou em torno de 75% da sua totalidade nesta ter\u00e7a-feira, dia 24 de setembro, com o trabalho conjunto da Pol\u00edcia Militar e Guarda Municipal, a fim de garantir a seguran\u00e7a dos motoristas e passageiros com escolta acompanhando os ve\u00edculos. Para esta quarta-feira, dia 25, se os ataques diminu\u00edrem, a frota estar\u00e1 100% normalizada nas ruas.<br \/>\nA Secretaria de Seguran\u00e7a P\u00fablica e Defesa Social aponta que, desde a \u00faltima sexta-feira, dia 20, foram registrados pelo menos 31 ataques no Cear\u00e1 contra pr\u00e9dios p\u00fablicos e privados, transportes coletivos, caminh\u00f5es, carros particulares e uma torre de telefonia.<br \/>\nAs investiga\u00e7\u00f5es mostram que as a\u00e7\u00f5es partem de uma s\u00f3 fac\u00e7\u00e3o criminosa que estaria insatisfeita com o endurecimento das normas de presos recolhidos em unidades penitenci\u00e1rias do Estado.<br \/>\nAt\u00e9 a noite desta ter\u00e7a-feira, 15 pessoas foram capturadas, entre elas, cinco adolescentes. O Governo Estadual transferiu 257 presos para o isolamento em unidades prisionais de Pacatuba, Quixad\u00e1 e do Centro de Triagem e Observa\u00e7\u00e3o Criminol\u00f3gica, com o objetivo de desarticular lideran\u00e7as de um mesmo grupo criminoso dentro do sistema penitenci\u00e1rio.<\/p>\n","protected":false},"excerpt":{"rendered":"<p>Os ataques criminosos em Fortaleza atingem diretamente o transporte coletivo. De acordo com o Sindionibus, a frota circulou em torno de 75% da sua totalidade nesta ter\u00e7a-feira, dia 24 de setembro, com o trabalho conjunto da Pol\u00edcia Militar e Guarda Municipal, a fim de garantir a seguran\u00e7a dos motoristas e passageiros com escolta acompanhando os ve\u00edculos. Para esta quarta-feira, dia 25, se os ataques diminu\u00edrem, a frota estar\u00e1 100% normalizada nas ruas. A Secretaria de Seguran\u00e7a P\u00fablica e Defesa&hellip;<\/p>\n","protected":false},"author":1,"featured_media":0,"comment_status":"open","ping_status":"open","sticky":false,"template":"","format":"standard","meta":{"footnotes":""},"categories":[1],"tags":[],"class_list":["post-14033","post","type-post","status-publish","format-standard","hentry","category-noticias"],"_links":{"self":[{"href":"https:\/\/blogdorogeriogomes.com.br\/noticias\/wp-json\/wp\/v2\/posts\/14033","targetHints":{"allow":["GET"]}}],"collection":[{"href":"https:\/\/blogdorogeriogomes.com.br\/noticias\/wp-json\/wp\/v2\/posts"}],"about":[{"href":"https:\/\/blogdorogeriogomes.com.br\/noticias\/wp-json\/wp\/v2\/types\/post"}],"author":[{"embeddable":true,"href":"https:\/\/blogdorogeriogomes.com.br\/noticias\/wp-json\/wp\/v2\/users\/1"}],"replies":[{"embeddable":true,"href":"https:\/\/blogdorogeriogomes.com.br\/noticias\/wp-json\/wp\/v2\/comments?post=14033"}],"version-history":[{"count":1,"href":"https:\/\/blogdorogeriogomes.com.br\/noticias\/wp-json\/wp\/v2\/posts\/14033\/revisions"}],"predecessor-version":[{"id":14036,"href":"https:\/\/blogdorogeriogomes.com.br\/noticias\/wp-json\/wp\/v2\/posts\/14033\/revisions\/14036"}],"wp:attachment":[{"href":"https:\/\/blogdorogeriogomes.com.br\/noticias\/wp-json\/wp\/v2\/media?parent=14033"}],"wp:term":[{"taxonomy":"category","embeddable":true,"href":"https:\/\/blogdorogeriogomes.com.br\/noticias\/wp-json\/wp\/v2\/categories?post=14033"},{"taxonomy":"post_tag","embeddable":true,"href":"https:\/\/blogdorogeriogomes.com.br\/noticias\/wp-json\/wp\/v2\/tags?post=14033"}],"curies":[{"name":"wp","href":"https:\/\/api.w.org\/{rel}","templated":true}]}}