{"id":14040,"date":"2019-09-25T09:27:46","date_gmt":"2019-09-25T09:27:46","guid":{"rendered":"http:\/\/blogdorogeriogomes.com.br\/?p=14040"},"modified":"2019-09-25T09:27:46","modified_gmt":"2019-09-25T09:27:46","slug":"stf-julga-nesta-quarta-se-anula-mais-uma-condenacao-da-lava-jato","status":"publish","type":"post","link":"https:\/\/blogdorogeriogomes.com.br\/noticias\/2019\/09\/stf-julga-nesta-quarta-se-anula-mais-uma-condenacao-da-lava-jato\/","title":{"rendered":"STF julga nesta quarta se anula mais uma condena\u00e7\u00e3o da Lava Jato"},"content":{"rendered":"<p><img loading=\"lazy\" decoding=\"async\" class=\"alignnone size-medium wp-image-14042\" src=\"http:\/\/blogdorogeriogomes.com.br\/wp-content\/uploads\/2019\/09\/images-2019-09-25T062139.369-300x173.jpeg\" alt=\"images - 2019-09-25T062139.369\" width=\"300\" height=\"173\" srcset=\"https:\/\/blogdorogeriogomes.com.br\/noticias\/wp-content\/uploads\/2019\/09\/images-2019-09-25T062139.369-300x173.jpeg 300w, https:\/\/blogdorogeriogomes.com.br\/noticias\/wp-content\/uploads\/2019\/09\/images-2019-09-25T062139.369.jpeg 730w\" sizes=\"auto, (max-width: 300px) 100vw, 300px\" \/><\/p>\n<p>O Supremo Tribunal Federal julga nesta quarta-feira, dia 25 de setembro, o pedido de habeas corpus que pode anular uma das senten\u00e7as contra o ex-presidente Lula e provocar a principal reviravolta em casos j\u00e1 julgados da opera\u00e7\u00e3o desde a sua deflagra\u00e7\u00e3o, em 2014.<br \/>\nOs 11 ministros v\u00e3o decidir se r\u00e9us delatores devem apresentar suas considera\u00e7\u00f5es finais em processos antes dos demais acusados e se a\u00e7\u00f5es que n\u00e3o seguiram esse rito anteriormente devem ter suas senten\u00e7as revistas.<br \/>\nEm agosto passado, o STF anulou senten\u00e7a contra Aldemir Bendine, ex-presidente da Petrobras. Foi a primeira anula\u00e7\u00e3o de uma condena\u00e7\u00e3o dada pelo ent\u00e3o juiz Sergio Moro. Bendine, que j\u00e1 estava julgado em segunda inst\u00e2ncia, retrocedeu para a etapa de alega\u00e7\u00f5es ainda no primeiro grau. Agora, caso o Supremo concorde que outros r\u00e9us devem ter esse direito, o mesmo pode acontecer em rela\u00e7\u00e3o a dezenas de acusados da Lava Jato, incluindo Lula.<\/p>\n","protected":false},"excerpt":{"rendered":"<p>O Supremo Tribunal Federal julga nesta quarta-feira, dia 25 de setembro, o pedido de habeas corpus que pode anular uma das senten\u00e7as contra o ex-presidente Lula e provocar a principal reviravolta em casos j\u00e1 julgados da opera\u00e7\u00e3o desde a sua deflagra\u00e7\u00e3o, em 2014. Os 11 ministros v\u00e3o decidir se r\u00e9us delatores devem apresentar suas considera\u00e7\u00f5es finais em processos antes dos demais acusados e se a\u00e7\u00f5es que n\u00e3o seguiram esse rito anteriormente devem ter suas senten\u00e7as revistas. Em agosto passado,&hellip;<\/p>\n","protected":false},"author":1,"featured_media":0,"comment_status":"open","ping_status":"open","sticky":false,"template":"","format":"standard","meta":{"footnotes":""},"categories":[1],"tags":[],"class_list":["post-14040","post","type-post","status-publish","format-standard","hentry","category-noticias"],"_links":{"self":[{"href":"https:\/\/blogdorogeriogomes.com.br\/noticias\/wp-json\/wp\/v2\/posts\/14040","targetHints":{"allow":["GET"]}}],"collection":[{"href":"https:\/\/blogdorogeriogomes.com.br\/noticias\/wp-json\/wp\/v2\/posts"}],"about":[{"href":"https:\/\/blogdorogeriogomes.com.br\/noticias\/wp-json\/wp\/v2\/types\/post"}],"author":[{"embeddable":true,"href":"https:\/\/blogdorogeriogomes.com.br\/noticias\/wp-json\/wp\/v2\/users\/1"}],"replies":[{"embeddable":true,"href":"https:\/\/blogdorogeriogomes.com.br\/noticias\/wp-json\/wp\/v2\/comments?post=14040"}],"version-history":[{"count":1,"href":"https:\/\/blogdorogeriogomes.com.br\/noticias\/wp-json\/wp\/v2\/posts\/14040\/revisions"}],"predecessor-version":[{"id":14043,"href":"https:\/\/blogdorogeriogomes.com.br\/noticias\/wp-json\/wp\/v2\/posts\/14040\/revisions\/14043"}],"wp:attachment":[{"href":"https:\/\/blogdorogeriogomes.com.br\/noticias\/wp-json\/wp\/v2\/media?parent=14040"}],"wp:term":[{"taxonomy":"category","embeddable":true,"href":"https:\/\/blogdorogeriogomes.com.br\/noticias\/wp-json\/wp\/v2\/categories?post=14040"},{"taxonomy":"post_tag","embeddable":true,"href":"https:\/\/blogdorogeriogomes.com.br\/noticias\/wp-json\/wp\/v2\/tags?post=14040"}],"curies":[{"name":"wp","href":"https:\/\/api.w.org\/{rel}","templated":true}]}}