{"id":14044,"date":"2019-09-25T21:19:03","date_gmt":"2019-09-25T21:19:03","guid":{"rendered":"http:\/\/blogdorogeriogomes.com.br\/?p=14044"},"modified":"2019-09-25T21:19:03","modified_gmt":"2019-09-25T21:19:03","slug":"roberto-claudio-assina-ordem-de-servico-para-requalificar-a-avenida-senador-fernandes-tavora","status":"publish","type":"post","link":"https:\/\/blogdorogeriogomes.com.br\/noticias\/2019\/09\/roberto-claudio-assina-ordem-de-servico-para-requalificar-a-avenida-senador-fernandes-tavora\/","title":{"rendered":"Roberto Cl\u00e1udio assina ordem de servi\u00e7o para requalificar a avenida Senador Fernandes T\u00e1vora"},"content":{"rendered":"<p><img loading=\"lazy\" decoding=\"async\" class=\"alignnone size-medium wp-image-14045\" src=\"http:\/\/blogdorogeriogomes.com.br\/wp-content\/uploads\/2019\/09\/Apresenta\u00e7\u00e3o-do-novo-projeto-do-Hospital-Gonzaguinha-do-Jos\u00e9-Walter-24-09-2019-Cr\u00e9dito-Kaio-Machado-CR8A7431-300x176.jpeg\" alt=\"Apresenta\u00e7\u00e3o do novo projeto do Hospital Gonzaguinha do Jos\u00e9 Walter 24 09 2019 Cr\u00e9dito Kaio Machado CR8A7431\" width=\"300\" height=\"176\" srcset=\"https:\/\/blogdorogeriogomes.com.br\/noticias\/wp-content\/uploads\/2019\/09\/Apresenta\u00e7\u00e3o-do-novo-projeto-do-Hospital-Gonzaguinha-do-Jos\u00e9-Walter-24-09-2019-Cr\u00e9dito-Kaio-Machado-CR8A7431-300x176.jpeg 300w, https:\/\/blogdorogeriogomes.com.br\/noticias\/wp-content\/uploads\/2019\/09\/Apresenta\u00e7\u00e3o-do-novo-projeto-do-Hospital-Gonzaguinha-do-Jos\u00e9-Walter-24-09-2019-Cr\u00e9dito-Kaio-Machado-CR8A7431-768x451.jpeg 768w, https:\/\/blogdorogeriogomes.com.br\/noticias\/wp-content\/uploads\/2019\/09\/Apresenta\u00e7\u00e3o-do-novo-projeto-do-Hospital-Gonzaguinha-do-Jos\u00e9-Walter-24-09-2019-Cr\u00e9dito-Kaio-Machado-CR8A7431-1024x602.jpeg 1024w, https:\/\/blogdorogeriogomes.com.br\/noticias\/wp-content\/uploads\/2019\/09\/Apresenta\u00e7\u00e3o-do-novo-projeto-do-Hospital-Gonzaguinha-do-Jos\u00e9-Walter-24-09-2019-Cr\u00e9dito-Kaio-Machado-CR8A7431.jpeg 1920w\" sizes=\"auto, (max-width: 300px) 100vw, 300px\" \/><\/p>\n<p>O prefeito de Fortaleza, Roberto Cl\u00e1udio, assina, nesta quinta-feira, dia 26 de setembro, a ordem de servi\u00e7o para in\u00edcio das obras de requalifica\u00e7\u00e3o da Avenida Senador Fernandes T\u00e1vora e ruas Jos\u00e9 Mendon\u00e7a e Dr. Per\u00edllo Teixeira, no Conjunto Cear\u00e1. As obras fazem parte do corredor de \u00f4nibus Conjunto Cear\u00e1\/Parangaba, que tem como objetivo de reduzir o tempo de viagem e permitir a liga\u00e7\u00e3o do Conjunto Cear\u00e1 at\u00e9 o Terminal da Lagoa.<br \/>\nRoberto Cl\u00e1udio tamb\u00e9m apresentou, esta semana, o projeto do Hospital Distrital Gonzaga Mota, no Conjunto Jos\u00e9 Walter. O novo hospital ampliar\u00e1 de 51 para 130 o n\u00famero de leitos, aumentando em 154% sua capacidade atual de interna\u00e7\u00f5es. Ele frisou que a atual unidade n\u00e3o ir\u00e1 fechar durante o andamento das obras. Al\u00e9m disso, o prefeito garantiu a chamada de profissionais concursados para completar o efetivo de profissionais da sa\u00fade para o novo equipamento at\u00e9 dezembro.<\/p>\n","protected":false},"excerpt":{"rendered":"<p>O prefeito de Fortaleza, Roberto Cl\u00e1udio, assina, nesta quinta-feira, dia 26 de setembro, a ordem de servi\u00e7o para in\u00edcio das obras de requalifica\u00e7\u00e3o da Avenida Senador Fernandes T\u00e1vora e ruas Jos\u00e9 Mendon\u00e7a e Dr. Per\u00edllo Teixeira, no Conjunto Cear\u00e1. As obras fazem parte do corredor de \u00f4nibus Conjunto Cear\u00e1\/Parangaba, que tem como objetivo de reduzir o tempo de viagem e permitir a liga\u00e7\u00e3o do Conjunto Cear\u00e1 at\u00e9 o Terminal da Lagoa. Roberto Cl\u00e1udio tamb\u00e9m apresentou, esta semana, o projeto&hellip;<\/p>\n","protected":false},"author":1,"featured_media":0,"comment_status":"open","ping_status":"open","sticky":false,"template":"","format":"standard","meta":{"footnotes":""},"categories":[1],"tags":[],"class_list":["post-14044","post","type-post","status-publish","format-standard","hentry","category-noticias"],"_links":{"self":[{"href":"https:\/\/blogdorogeriogomes.com.br\/noticias\/wp-json\/wp\/v2\/posts\/14044","targetHints":{"allow":["GET"]}}],"collection":[{"href":"https:\/\/blogdorogeriogomes.com.br\/noticias\/wp-json\/wp\/v2\/posts"}],"about":[{"href":"https:\/\/blogdorogeriogomes.com.br\/noticias\/wp-json\/wp\/v2\/types\/post"}],"author":[{"embeddable":true,"href":"https:\/\/blogdorogeriogomes.com.br\/noticias\/wp-json\/wp\/v2\/users\/1"}],"replies":[{"embeddable":true,"href":"https:\/\/blogdorogeriogomes.com.br\/noticias\/wp-json\/wp\/v2\/comments?post=14044"}],"version-history":[{"count":1,"href":"https:\/\/blogdorogeriogomes.com.br\/noticias\/wp-json\/wp\/v2\/posts\/14044\/revisions"}],"predecessor-version":[{"id":14046,"href":"https:\/\/blogdorogeriogomes.com.br\/noticias\/wp-json\/wp\/v2\/posts\/14044\/revisions\/14046"}],"wp:attachment":[{"href":"https:\/\/blogdorogeriogomes.com.br\/noticias\/wp-json\/wp\/v2\/media?parent=14044"}],"wp:term":[{"taxonomy":"category","embeddable":true,"href":"https:\/\/blogdorogeriogomes.com.br\/noticias\/wp-json\/wp\/v2\/categories?post=14044"},{"taxonomy":"post_tag","embeddable":true,"href":"https:\/\/blogdorogeriogomes.com.br\/noticias\/wp-json\/wp\/v2\/tags?post=14044"}],"curies":[{"name":"wp","href":"https:\/\/api.w.org\/{rel}","templated":true}]}}