{"id":14047,"date":"2019-09-25T21:34:34","date_gmt":"2019-09-25T21:34:34","guid":{"rendered":"http:\/\/blogdorogeriogomes.com.br\/?p=14047"},"modified":"2019-09-25T21:34:34","modified_gmt":"2019-09-25T21:34:34","slug":"senado-aprova-com-folga-a-nomeacao-de-augusto-aras-para-comandar-a-pgr","status":"publish","type":"post","link":"https:\/\/blogdorogeriogomes.com.br\/noticias\/2019\/09\/senado-aprova-com-folga-a-nomeacao-de-augusto-aras-para-comandar-a-pgr\/","title":{"rendered":"Senado aprova com folga a nomea\u00e7\u00e3o de Augusto Aras para comandar a PGR"},"content":{"rendered":"<p><img loading=\"lazy\" decoding=\"async\" class=\"alignnone size-medium wp-image-14048\" src=\"http:\/\/blogdorogeriogomes.com.br\/wp-content\/uploads\/2019\/09\/images-2019-09-25T182829.276-300x150.jpeg\" alt=\"images - 2019-09-25T182829.276\" width=\"300\" height=\"150\" srcset=\"https:\/\/blogdorogeriogomes.com.br\/noticias\/wp-content\/uploads\/2019\/09\/images-2019-09-25T182829.276-300x150.jpeg 300w, https:\/\/blogdorogeriogomes.com.br\/noticias\/wp-content\/uploads\/2019\/09\/images-2019-09-25T182829.276.jpeg 720w\" sizes=\"auto, (max-width: 300px) 100vw, 300px\" \/><\/p>\n<p>O plen\u00e1rio do Senado Federal aprovou com folga, nesta quarta-feira, dia 25 de setembro, o nome do subprocurador Augusto Aras para assumir o cargo de procurador-geral da Rep\u00fablica. Aras foi indicado por Jair Bolsonaro para substituir Raquel Dodge, que deixou o posto em 17 de setembro.<br \/>\nO plen\u00e1rio do Senado aprovou o nome de Aras por 68 votos a 10. Antes, ele havia sido submetido a uma sabatina de cinco horas de dura\u00e7\u00e3o na Comiss\u00e3o de Constitui\u00e7\u00e3o e Justi\u00e7a (CCJ) da Casa.<br \/>\nEle disse ser defensor da Lava Jato, mas alfinetou o personalismo de procuradores da for\u00e7a-tarefa e afirmou que pretende buscar &#8220;corre\u00e7\u00f5es&#8221; junto com o Congresso. Tamb\u00e9m negou que haja predisposi\u00e7\u00e3o de alinhamento da institui\u00e7\u00e3o com o Governo Bolsonaro e exaltou a independ\u00eancia do Minist\u00e9rio P\u00fablico Federal.<\/p>\n","protected":false},"excerpt":{"rendered":"<p>O plen\u00e1rio do Senado Federal aprovou com folga, nesta quarta-feira, dia 25 de setembro, o nome do subprocurador Augusto Aras para assumir o cargo de procurador-geral da Rep\u00fablica. Aras foi indicado por Jair Bolsonaro para substituir Raquel Dodge, que deixou o posto em 17 de setembro. O plen\u00e1rio do Senado aprovou o nome de Aras por 68 votos a 10. Antes, ele havia sido submetido a uma sabatina de cinco horas de dura\u00e7\u00e3o na Comiss\u00e3o de Constitui\u00e7\u00e3o e Justi\u00e7a&hellip;<\/p>\n","protected":false},"author":1,"featured_media":0,"comment_status":"open","ping_status":"open","sticky":false,"template":"","format":"standard","meta":{"footnotes":""},"categories":[1],"tags":[],"class_list":["post-14047","post","type-post","status-publish","format-standard","hentry","category-noticias"],"_links":{"self":[{"href":"https:\/\/blogdorogeriogomes.com.br\/noticias\/wp-json\/wp\/v2\/posts\/14047","targetHints":{"allow":["GET"]}}],"collection":[{"href":"https:\/\/blogdorogeriogomes.com.br\/noticias\/wp-json\/wp\/v2\/posts"}],"about":[{"href":"https:\/\/blogdorogeriogomes.com.br\/noticias\/wp-json\/wp\/v2\/types\/post"}],"author":[{"embeddable":true,"href":"https:\/\/blogdorogeriogomes.com.br\/noticias\/wp-json\/wp\/v2\/users\/1"}],"replies":[{"embeddable":true,"href":"https:\/\/blogdorogeriogomes.com.br\/noticias\/wp-json\/wp\/v2\/comments?post=14047"}],"version-history":[{"count":1,"href":"https:\/\/blogdorogeriogomes.com.br\/noticias\/wp-json\/wp\/v2\/posts\/14047\/revisions"}],"predecessor-version":[{"id":14049,"href":"https:\/\/blogdorogeriogomes.com.br\/noticias\/wp-json\/wp\/v2\/posts\/14047\/revisions\/14049"}],"wp:attachment":[{"href":"https:\/\/blogdorogeriogomes.com.br\/noticias\/wp-json\/wp\/v2\/media?parent=14047"}],"wp:term":[{"taxonomy":"category","embeddable":true,"href":"https:\/\/blogdorogeriogomes.com.br\/noticias\/wp-json\/wp\/v2\/categories?post=14047"},{"taxonomy":"post_tag","embeddable":true,"href":"https:\/\/blogdorogeriogomes.com.br\/noticias\/wp-json\/wp\/v2\/tags?post=14047"}],"curies":[{"name":"wp","href":"https:\/\/api.w.org\/{rel}","templated":true}]}}