{"id":14050,"date":"2019-09-26T08:42:49","date_gmt":"2019-09-26T08:42:49","guid":{"rendered":"http:\/\/blogdorogeriogomes.com.br\/?p=14050"},"modified":"2019-09-26T08:42:49","modified_gmt":"2019-09-26T08:42:49","slug":"universidades-se-mobilizam-para-protestar-contra-programa-future-se-do-governo-federal","status":"publish","type":"post","link":"https:\/\/blogdorogeriogomes.com.br\/noticias\/2019\/09\/universidades-se-mobilizam-para-protestar-contra-programa-future-se-do-governo-federal\/","title":{"rendered":"Universidades se mobilizam para protestar contra programa Future-se do Governo Federal"},"content":{"rendered":"<p><img loading=\"lazy\" decoding=\"async\" class=\"alignnone size-medium wp-image-14051\" src=\"http:\/\/blogdorogeriogomes.com.br\/wp-content\/uploads\/2019\/09\/images-2019-09-26T053812.985-300x180.jpeg\" alt=\"images - 2019-09-26T053812.985\" width=\"300\" height=\"180\" srcset=\"https:\/\/blogdorogeriogomes.com.br\/noticias\/wp-content\/uploads\/2019\/09\/images-2019-09-26T053812.985-300x180.jpeg 300w, https:\/\/blogdorogeriogomes.com.br\/noticias\/wp-content\/uploads\/2019\/09\/images-2019-09-26T053812.985.jpeg 715w\" sizes=\"auto, (max-width: 300px) 100vw, 300px\" \/><\/p>\n<p>Os Conselhos Universit\u00e1rios de 25 institui\u00e7\u00f5es do Pa\u00eds, incluindo o Cear\u00e1, se posicionam contra o Programa Future-se proposto pelo Governo Federal para as universidades p\u00fablicas. O ministro da Educa\u00e7\u00e3o, Abraham Weintraub, quer reduzir a folha de pagamento das universidades dos atuais 85% para 70% nos pr\u00f3ximos 10 anos, al\u00e9m de tornar a contrata\u00e7\u00e3o de professores e servidores via CLT. Ou seja, quer contratar sem a realiza\u00e7\u00e3o de concurso p\u00fablico.<br \/>\nEntidades de professores e servidores se mobilizam para resistir \u00e0s ideias do ministro. No Cear\u00e1, o Sindicato dos Docentes das Universidades Federais do Cear\u00e1 (Adufc) est\u00e1 engajado nas mobiliza\u00e7\u00f5es. Em n\u00edvel nacional, o indicativo de paralisa\u00e7\u00f5es nas universidades foi tirado para os dias 2 e 3 de outubro.<\/p>\n","protected":false},"excerpt":{"rendered":"<p>Os Conselhos Universit\u00e1rios de 25 institui\u00e7\u00f5es do Pa\u00eds, incluindo o Cear\u00e1, se posicionam contra o Programa Future-se proposto pelo Governo Federal para as universidades p\u00fablicas. O ministro da Educa\u00e7\u00e3o, Abraham Weintraub, quer reduzir a folha de pagamento das universidades dos atuais 85% para 70% nos pr\u00f3ximos 10 anos, al\u00e9m de tornar a contrata\u00e7\u00e3o de professores e servidores via CLT. Ou seja, quer contratar sem a realiza\u00e7\u00e3o de concurso p\u00fablico. Entidades de professores e servidores se mobilizam para resistir \u00e0s&hellip;<\/p>\n","protected":false},"author":1,"featured_media":0,"comment_status":"open","ping_status":"open","sticky":false,"template":"","format":"standard","meta":{"footnotes":""},"categories":[1],"tags":[],"class_list":["post-14050","post","type-post","status-publish","format-standard","hentry","category-noticias"],"_links":{"self":[{"href":"https:\/\/blogdorogeriogomes.com.br\/noticias\/wp-json\/wp\/v2\/posts\/14050","targetHints":{"allow":["GET"]}}],"collection":[{"href":"https:\/\/blogdorogeriogomes.com.br\/noticias\/wp-json\/wp\/v2\/posts"}],"about":[{"href":"https:\/\/blogdorogeriogomes.com.br\/noticias\/wp-json\/wp\/v2\/types\/post"}],"author":[{"embeddable":true,"href":"https:\/\/blogdorogeriogomes.com.br\/noticias\/wp-json\/wp\/v2\/users\/1"}],"replies":[{"embeddable":true,"href":"https:\/\/blogdorogeriogomes.com.br\/noticias\/wp-json\/wp\/v2\/comments?post=14050"}],"version-history":[{"count":1,"href":"https:\/\/blogdorogeriogomes.com.br\/noticias\/wp-json\/wp\/v2\/posts\/14050\/revisions"}],"predecessor-version":[{"id":14052,"href":"https:\/\/blogdorogeriogomes.com.br\/noticias\/wp-json\/wp\/v2\/posts\/14050\/revisions\/14052"}],"wp:attachment":[{"href":"https:\/\/blogdorogeriogomes.com.br\/noticias\/wp-json\/wp\/v2\/media?parent=14050"}],"wp:term":[{"taxonomy":"category","embeddable":true,"href":"https:\/\/blogdorogeriogomes.com.br\/noticias\/wp-json\/wp\/v2\/categories?post=14050"},{"taxonomy":"post_tag","embeddable":true,"href":"https:\/\/blogdorogeriogomes.com.br\/noticias\/wp-json\/wp\/v2\/tags?post=14050"}],"curies":[{"name":"wp","href":"https:\/\/api.w.org\/{rel}","templated":true}]}}