{"id":14056,"date":"2019-09-26T10:57:51","date_gmt":"2019-09-26T10:57:51","guid":{"rendered":"http:\/\/blogdorogeriogomes.com.br\/?p=14056"},"modified":"2019-09-26T10:57:51","modified_gmt":"2019-09-26T10:57:51","slug":"pf-realiza-operacao-torre-para-combater-grupo-criminoso-no-ceara","status":"publish","type":"post","link":"https:\/\/blogdorogeriogomes.com.br\/noticias\/2019\/09\/pf-realiza-operacao-torre-para-combater-grupo-criminoso-no-ceara\/","title":{"rendered":"PF realiza Opera\u00e7\u00e3o \u201cTorre\u201d para combater grupo criminoso no Cear\u00e1"},"content":{"rendered":"<p><img loading=\"lazy\" decoding=\"async\" class=\"alignnone size-medium wp-image-14057\" src=\"http:\/\/blogdorogeriogomes.com.br\/wp-content\/uploads\/2019\/09\/images-2019-09-26T075226.297-300x200.jpeg\" alt=\"images - 2019-09-26T075226.297\" width=\"300\" height=\"200\" srcset=\"https:\/\/blogdorogeriogomes.com.br\/noticias\/wp-content\/uploads\/2019\/09\/images-2019-09-26T075226.297-300x200.jpeg 300w, https:\/\/blogdorogeriogomes.com.br\/noticias\/wp-content\/uploads\/2019\/09\/images-2019-09-26T075226.297.jpeg 679w\" sizes=\"auto, (max-width: 300px) 100vw, 300px\" \/><\/p>\n<p>A Pol\u00edcia Federal e o Grupo de Atua\u00e7\u00e3o Especial de Combate \u00e0s Organiza\u00e7\u00f5es Criminosas (GAECO), do Minist\u00e9rio P\u00fablico do Estado do Cear\u00e1, deflagraram a Opera\u00e7\u00e3o \u201cTorre\u201d na manh\u00e3 desta quinta-feira, dia 26 de setembro. O objetivo \u00e9 desarticular lideran\u00e7as de organiza\u00e7\u00e3o criminosa respons\u00e1veis pela ordem e execu\u00e7\u00e3o dos ataques \u00e0s torres de transmiss\u00e3o de energia el\u00e9trica no dia 1\u00ba de abril de 2019, na Regi\u00e3o Metropolitana de Fortaleza, bem como dos recentes ataques a ve\u00edculos e estabelecimentos nesta capital.<br \/>\nForam cumpridos 15 mandados de pris\u00e3o preventiva e 14 mandados de busca e apreens\u00e3o no Cear\u00e1 e em Pernambuco. SegundoSegundo as investiga\u00e7\u00f5es, as a\u00e7\u00f5es do grupo criminoso foram praticadas sob determina\u00e7\u00e3o de lideran\u00e7as que cumprem pena em pres\u00eddios.<\/p>\n","protected":false},"excerpt":{"rendered":"<p>A Pol\u00edcia Federal e o Grupo de Atua\u00e7\u00e3o Especial de Combate \u00e0s Organiza\u00e7\u00f5es Criminosas (GAECO), do Minist\u00e9rio P\u00fablico do Estado do Cear\u00e1, deflagraram a Opera\u00e7\u00e3o \u201cTorre\u201d na manh\u00e3 desta quinta-feira, dia 26 de setembro. O objetivo \u00e9 desarticular lideran\u00e7as de organiza\u00e7\u00e3o criminosa respons\u00e1veis pela ordem e execu\u00e7\u00e3o dos ataques \u00e0s torres de transmiss\u00e3o de energia el\u00e9trica no dia 1\u00ba de abril de 2019, na Regi\u00e3o Metropolitana de Fortaleza, bem como dos recentes ataques a ve\u00edculos e estabelecimentos nesta capital.&hellip;<\/p>\n","protected":false},"author":1,"featured_media":0,"comment_status":"open","ping_status":"open","sticky":false,"template":"","format":"standard","meta":{"footnotes":""},"categories":[1],"tags":[],"class_list":["post-14056","post","type-post","status-publish","format-standard","hentry","category-noticias"],"_links":{"self":[{"href":"https:\/\/blogdorogeriogomes.com.br\/noticias\/wp-json\/wp\/v2\/posts\/14056","targetHints":{"allow":["GET"]}}],"collection":[{"href":"https:\/\/blogdorogeriogomes.com.br\/noticias\/wp-json\/wp\/v2\/posts"}],"about":[{"href":"https:\/\/blogdorogeriogomes.com.br\/noticias\/wp-json\/wp\/v2\/types\/post"}],"author":[{"embeddable":true,"href":"https:\/\/blogdorogeriogomes.com.br\/noticias\/wp-json\/wp\/v2\/users\/1"}],"replies":[{"embeddable":true,"href":"https:\/\/blogdorogeriogomes.com.br\/noticias\/wp-json\/wp\/v2\/comments?post=14056"}],"version-history":[{"count":1,"href":"https:\/\/blogdorogeriogomes.com.br\/noticias\/wp-json\/wp\/v2\/posts\/14056\/revisions"}],"predecessor-version":[{"id":14058,"href":"https:\/\/blogdorogeriogomes.com.br\/noticias\/wp-json\/wp\/v2\/posts\/14056\/revisions\/14058"}],"wp:attachment":[{"href":"https:\/\/blogdorogeriogomes.com.br\/noticias\/wp-json\/wp\/v2\/media?parent=14056"}],"wp:term":[{"taxonomy":"category","embeddable":true,"href":"https:\/\/blogdorogeriogomes.com.br\/noticias\/wp-json\/wp\/v2\/categories?post=14056"},{"taxonomy":"post_tag","embeddable":true,"href":"https:\/\/blogdorogeriogomes.com.br\/noticias\/wp-json\/wp\/v2\/tags?post=14056"}],"curies":[{"name":"wp","href":"https:\/\/api.w.org\/{rel}","templated":true}]}}