{"id":14059,"date":"2019-09-26T20:23:52","date_gmt":"2019-09-26T20:23:52","guid":{"rendered":"http:\/\/blogdorogeriogomes.com.br\/?p=14059"},"modified":"2019-09-26T20:23:52","modified_gmt":"2019-09-26T20:23:52","slug":"governo-do-estado-assina-protocolo-para-construcao-de-nova-fabrica-em-horizonte","status":"publish","type":"post","link":"https:\/\/blogdorogeriogomes.com.br\/noticias\/2019\/09\/governo-do-estado-assina-protocolo-para-construcao-de-nova-fabrica-em-horizonte\/","title":{"rendered":"Governo do Estado assina protocolo para constru\u00e7\u00e3o de nova f\u00e1brica em Horizonte"},"content":{"rendered":"<p><img loading=\"lazy\" decoding=\"async\" class=\"alignnone size-medium wp-image-14060\" src=\"http:\/\/blogdorogeriogomes.com.br\/wp-content\/uploads\/2019\/09\/190926_ASSINATURA-GOV-CE-KLABIN_MVS6916_2-1200x702-300x176.jpg\" alt=\"190926_ASSINATURA-GOV-CE-KLABIN_MVS6916_2-1200x702\" width=\"300\" height=\"176\" srcset=\"https:\/\/blogdorogeriogomes.com.br\/noticias\/wp-content\/uploads\/2019\/09\/190926_ASSINATURA-GOV-CE-KLABIN_MVS6916_2-1200x702-300x176.jpg 300w, https:\/\/blogdorogeriogomes.com.br\/noticias\/wp-content\/uploads\/2019\/09\/190926_ASSINATURA-GOV-CE-KLABIN_MVS6916_2-1200x702-768x449.jpg 768w, https:\/\/blogdorogeriogomes.com.br\/noticias\/wp-content\/uploads\/2019\/09\/190926_ASSINATURA-GOV-CE-KLABIN_MVS6916_2-1200x702-1024x599.jpg 1024w, https:\/\/blogdorogeriogomes.com.br\/noticias\/wp-content\/uploads\/2019\/09\/190926_ASSINATURA-GOV-CE-KLABIN_MVS6916_2-1200x702.jpg 1200w\" sizes=\"auto, (max-width: 300px) 100vw, 300px\" \/><\/p>\n<p>Nesta quinta-feira, dia 26 de setembro, o governador do Cear\u00e1, Camilo Santana, assinou um protocolo de inten\u00e7\u00f5es com representantes da Klabin S\/A para a constru\u00e7\u00e3o de uma nova unidade do grupo em Horizonte, na Regi\u00e3o Metropolitana de Fortaleza. O investimento previsto \u00e9 de R$ 100 milh\u00f5es. Do total, R$ 48 milh\u00f5es j\u00e1 foram gastos na compra do im\u00f3vel que ir\u00e1 receber o empreendimento.<br \/>\nA f\u00e1brica ter\u00e1 capacidade para produzir at\u00e9 70 mil toneladas por ano de chapas e caixas de papel\u00e3o ondulado. Ao todo, o empreendimento vai gerar cerca de 240 empregos diretos e indiretos para Horizonte e munic\u00edpios vizinhos.<\/p>\n","protected":false},"excerpt":{"rendered":"<p>Nesta quinta-feira, dia 26 de setembro, o governador do Cear\u00e1, Camilo Santana, assinou um protocolo de inten\u00e7\u00f5es com representantes da Klabin S\/A para a constru\u00e7\u00e3o de uma nova unidade do grupo em Horizonte, na Regi\u00e3o Metropolitana de Fortaleza. O investimento previsto \u00e9 de R$ 100 milh\u00f5es. Do total, R$ 48 milh\u00f5es j\u00e1 foram gastos na compra do im\u00f3vel que ir\u00e1 receber o empreendimento. A f\u00e1brica ter\u00e1 capacidade para produzir at\u00e9 70 mil toneladas por ano de chapas e caixas&hellip;<\/p>\n","protected":false},"author":1,"featured_media":0,"comment_status":"open","ping_status":"open","sticky":false,"template":"","format":"standard","meta":{"footnotes":""},"categories":[1],"tags":[],"class_list":["post-14059","post","type-post","status-publish","format-standard","hentry","category-noticias"],"_links":{"self":[{"href":"https:\/\/blogdorogeriogomes.com.br\/noticias\/wp-json\/wp\/v2\/posts\/14059","targetHints":{"allow":["GET"]}}],"collection":[{"href":"https:\/\/blogdorogeriogomes.com.br\/noticias\/wp-json\/wp\/v2\/posts"}],"about":[{"href":"https:\/\/blogdorogeriogomes.com.br\/noticias\/wp-json\/wp\/v2\/types\/post"}],"author":[{"embeddable":true,"href":"https:\/\/blogdorogeriogomes.com.br\/noticias\/wp-json\/wp\/v2\/users\/1"}],"replies":[{"embeddable":true,"href":"https:\/\/blogdorogeriogomes.com.br\/noticias\/wp-json\/wp\/v2\/comments?post=14059"}],"version-history":[{"count":1,"href":"https:\/\/blogdorogeriogomes.com.br\/noticias\/wp-json\/wp\/v2\/posts\/14059\/revisions"}],"predecessor-version":[{"id":14061,"href":"https:\/\/blogdorogeriogomes.com.br\/noticias\/wp-json\/wp\/v2\/posts\/14059\/revisions\/14061"}],"wp:attachment":[{"href":"https:\/\/blogdorogeriogomes.com.br\/noticias\/wp-json\/wp\/v2\/media?parent=14059"}],"wp:term":[{"taxonomy":"category","embeddable":true,"href":"https:\/\/blogdorogeriogomes.com.br\/noticias\/wp-json\/wp\/v2\/categories?post=14059"},{"taxonomy":"post_tag","embeddable":true,"href":"https:\/\/blogdorogeriogomes.com.br\/noticias\/wp-json\/wp\/v2\/tags?post=14059"}],"curies":[{"name":"wp","href":"https:\/\/api.w.org\/{rel}","templated":true}]}}