{"id":14063,"date":"2019-09-27T08:39:00","date_gmt":"2019-09-27T08:39:00","guid":{"rendered":"http:\/\/blogdorogeriogomes.com.br\/?p=14063"},"modified":"2019-09-27T08:39:00","modified_gmt":"2019-09-27T08:39:00","slug":"stf-forma-maioria-que-pode-anular-sentencas-da-operacao-lava-jato","status":"publish","type":"post","link":"https:\/\/blogdorogeriogomes.com.br\/noticias\/2019\/09\/stf-forma-maioria-que-pode-anular-sentencas-da-operacao-lava-jato\/","title":{"rendered":"STF forma maioria que pode anular senten\u00e7as da Opera\u00e7\u00e3o Lava Jato"},"content":{"rendered":"<p><img loading=\"lazy\" decoding=\"async\" class=\"alignnone size-medium wp-image-14064\" src=\"http:\/\/blogdorogeriogomes.com.br\/wp-content\/uploads\/2019\/09\/images-2019-09-27T053340.771-300x169.jpeg\" alt=\"images - 2019-09-27T053340.771\" width=\"300\" height=\"169\" srcset=\"https:\/\/blogdorogeriogomes.com.br\/noticias\/wp-content\/uploads\/2019\/09\/images-2019-09-27T053340.771-300x169.jpeg 300w, https:\/\/blogdorogeriogomes.com.br\/noticias\/wp-content\/uploads\/2019\/09\/images-2019-09-27T053340.771.jpeg 660w\" sizes=\"auto, (max-width: 300px) 100vw, 300px\" \/><\/p>\n<p>O Supremo Tribunal Federal j\u00e1 formou maioria a favor de um recurso que pode levar \u00e0 anula\u00e7\u00e3o de senten\u00e7as da Opera\u00e7\u00e3o Lava Jato, entre elas uma contra o ex-presidente Lula, mas ainda vai debater o alcance desta decis\u00e3o a partir de quarta-feira, dia 2 de outubro.<br \/>\nO julgamento trata especificamente do caso de M\u00e1rcio de Almeida Ferreira, ex-gerente da Petrobras, em raz\u00e3o da tese aberta no caso do ex-presidente da Petrobras e do Banco do Brasil, Aldemir Bendine, que teve sua senten\u00e7a anulada pela mesma Corte.<br \/>\nO presidente do Supremo, ministro Dias Toffoli, suspendeu o julgamento, quando o placar j\u00e1 \u00e9 de 6 votos a 3 a favor do recurso que argumentava que r\u00e9us delatados devem falar por \u00faltimo no processo, formando maioria pela possibilidade de anula\u00e7\u00e3o de senten\u00e7as da Lava Jato. Toffoli antecipou que vai propor aplica\u00e7\u00e3o limitada, o que pode atingir os direitos do ex-presidente Lula.<\/p>\n","protected":false},"excerpt":{"rendered":"<p>O Supremo Tribunal Federal j\u00e1 formou maioria a favor de um recurso que pode levar \u00e0 anula\u00e7\u00e3o de senten\u00e7as da Opera\u00e7\u00e3o Lava Jato, entre elas uma contra o ex-presidente Lula, mas ainda vai debater o alcance desta decis\u00e3o a partir de quarta-feira, dia 2 de outubro. O julgamento trata especificamente do caso de M\u00e1rcio de Almeida Ferreira, ex-gerente da Petrobras, em raz\u00e3o da tese aberta no caso do ex-presidente da Petrobras e do Banco do Brasil, Aldemir Bendine, que&hellip;<\/p>\n","protected":false},"author":1,"featured_media":0,"comment_status":"open","ping_status":"open","sticky":false,"template":"","format":"standard","meta":{"footnotes":""},"categories":[1],"tags":[],"class_list":["post-14063","post","type-post","status-publish","format-standard","hentry","category-noticias"],"_links":{"self":[{"href":"https:\/\/blogdorogeriogomes.com.br\/noticias\/wp-json\/wp\/v2\/posts\/14063","targetHints":{"allow":["GET"]}}],"collection":[{"href":"https:\/\/blogdorogeriogomes.com.br\/noticias\/wp-json\/wp\/v2\/posts"}],"about":[{"href":"https:\/\/blogdorogeriogomes.com.br\/noticias\/wp-json\/wp\/v2\/types\/post"}],"author":[{"embeddable":true,"href":"https:\/\/blogdorogeriogomes.com.br\/noticias\/wp-json\/wp\/v2\/users\/1"}],"replies":[{"embeddable":true,"href":"https:\/\/blogdorogeriogomes.com.br\/noticias\/wp-json\/wp\/v2\/comments?post=14063"}],"version-history":[{"count":1,"href":"https:\/\/blogdorogeriogomes.com.br\/noticias\/wp-json\/wp\/v2\/posts\/14063\/revisions"}],"predecessor-version":[{"id":14065,"href":"https:\/\/blogdorogeriogomes.com.br\/noticias\/wp-json\/wp\/v2\/posts\/14063\/revisions\/14065"}],"wp:attachment":[{"href":"https:\/\/blogdorogeriogomes.com.br\/noticias\/wp-json\/wp\/v2\/media?parent=14063"}],"wp:term":[{"taxonomy":"category","embeddable":true,"href":"https:\/\/blogdorogeriogomes.com.br\/noticias\/wp-json\/wp\/v2\/categories?post=14063"},{"taxonomy":"post_tag","embeddable":true,"href":"https:\/\/blogdorogeriogomes.com.br\/noticias\/wp-json\/wp\/v2\/tags?post=14063"}],"curies":[{"name":"wp","href":"https:\/\/api.w.org\/{rel}","templated":true}]}}