{"id":14073,"date":"2019-09-27T22:14:10","date_gmt":"2019-09-27T22:14:10","guid":{"rendered":"http:\/\/blogdorogeriogomes.com.br\/?p=14073"},"modified":"2019-09-27T22:14:10","modified_gmt":"2019-09-27T22:14:10","slug":"mpf-pede-que-lula-passe-para-o-regime-semiaberto-defesa-insiste-na-suspeicao-de-moro-no-stf","status":"publish","type":"post","link":"https:\/\/blogdorogeriogomes.com.br\/noticias\/2019\/09\/mpf-pede-que-lula-passe-para-o-regime-semiaberto-defesa-insiste-na-suspeicao-de-moro-no-stf\/","title":{"rendered":"MPF pede que Lula passe para o regime semiaberto. Defesa insiste na suspei\u00e7\u00e3o de Moro no STF"},"content":{"rendered":"<p><img loading=\"lazy\" decoding=\"async\" class=\"alignnone size-medium wp-image-14074\" src=\"http:\/\/blogdorogeriogomes.com.br\/wp-content\/uploads\/2019\/09\/images-2019-09-27T190741.583-300x200.jpeg\" alt=\"images - 2019-09-27T190741.583\" width=\"300\" height=\"200\" srcset=\"https:\/\/blogdorogeriogomes.com.br\/noticias\/wp-content\/uploads\/2019\/09\/images-2019-09-27T190741.583-300x200.jpeg 300w, https:\/\/blogdorogeriogomes.com.br\/noticias\/wp-content\/uploads\/2019\/09\/images-2019-09-27T190741.583.jpeg 678w\" sizes=\"auto, (max-width: 300px) 100vw, 300px\" \/><\/p>\n<p>A novidade na pol\u00edtica nacional \u00e9 o surpreendente pedido do Minist\u00e9rio P\u00fablico Federal \u00e0 Justi\u00e7a, nesta sexta-feira, dia 27 de setembro, para que o ex-presidente Luiz In\u00e1cio Lula da Silva passe a cumprir pena no regime semiaberto. Assinam o pedido, entre outros, os procuradores da Opera\u00e7\u00e3o Lava Jato, Deltan Dallagnol, Roberto Pozzobon e Laura Tessler. A argumenta\u00e7\u00e3o dos procuradores \u00e9 que Lula j\u00e1 teria cumprido um sexto da pena e tem bom comportamento carcer\u00e1rio e que, portanto, poderia ser beneficiado com a progress\u00e3o de regime.<br \/>\nO pedido n\u00e3o deixa de ser estranho pelo fato de, no momento, a defesa do ex-presidente estar esperando um julgamento do Supremo Tribunal Federal sobre a suspei\u00e7\u00e3o do ex-juiz S\u00e9rgio Moro na condu\u00e7\u00e3o do processo contra Lula.<br \/>\nO advogado de Lula, Cristiano Zanin, se manifestou sobre o ato dos procuradores do MPF: &#8220;Na segunda-feira vou conversar novamente com o ex-presidente sobre o assunto; a posi\u00e7\u00e3o dele orientar\u00e1 a nossa manifesta\u00e7\u00e3o no processo. Mas seja qual for a posi\u00e7\u00e3o de Lula sobre a progress\u00e3o, isso jamais poder\u00e1 prejudicar o julgamento da suspei\u00e7\u00e3o do ex-juiz Sergio Moro pelo STF, como pretende o Minist\u00e9rio P\u00fablico, pois todo o processo deve ser anulado, com o restabelecimento da liberdade plena do ex-presidente&#8221;.<br \/>\nOs vazamentos do The Intercept Brasil sobre a a\u00e7\u00e3o dos procuradores da Lava Jato ainda ter\u00e3o mais desdobramentos. Querer colocar Lula agora no semiaberto n\u00e3o vai apagar os erros processuais cometidos por Deltan Dallagnol e outros procuradores.<br \/>\nEspera-se que este pedido do MPF apresse logo a an\u00e1lise do caso pelo Supremo Tribunal Federal.<\/p>\n","protected":false},"excerpt":{"rendered":"<p>A novidade na pol\u00edtica nacional \u00e9 o surpreendente pedido do Minist\u00e9rio P\u00fablico Federal \u00e0 Justi\u00e7a, nesta sexta-feira, dia 27 de setembro, para que o ex-presidente Luiz In\u00e1cio Lula da Silva passe a cumprir pena no regime semiaberto. Assinam o pedido, entre outros, os procuradores da Opera\u00e7\u00e3o Lava Jato, Deltan Dallagnol, Roberto Pozzobon e Laura Tessler. A argumenta\u00e7\u00e3o dos procuradores \u00e9 que Lula j\u00e1 teria cumprido um sexto da pena e tem bom comportamento carcer\u00e1rio e que, portanto, poderia ser&hellip;<\/p>\n","protected":false},"author":1,"featured_media":0,"comment_status":"open","ping_status":"open","sticky":false,"template":"","format":"standard","meta":{"footnotes":""},"categories":[1],"tags":[],"class_list":["post-14073","post","type-post","status-publish","format-standard","hentry","category-noticias"],"_links":{"self":[{"href":"https:\/\/blogdorogeriogomes.com.br\/noticias\/wp-json\/wp\/v2\/posts\/14073","targetHints":{"allow":["GET"]}}],"collection":[{"href":"https:\/\/blogdorogeriogomes.com.br\/noticias\/wp-json\/wp\/v2\/posts"}],"about":[{"href":"https:\/\/blogdorogeriogomes.com.br\/noticias\/wp-json\/wp\/v2\/types\/post"}],"author":[{"embeddable":true,"href":"https:\/\/blogdorogeriogomes.com.br\/noticias\/wp-json\/wp\/v2\/users\/1"}],"replies":[{"embeddable":true,"href":"https:\/\/blogdorogeriogomes.com.br\/noticias\/wp-json\/wp\/v2\/comments?post=14073"}],"version-history":[{"count":1,"href":"https:\/\/blogdorogeriogomes.com.br\/noticias\/wp-json\/wp\/v2\/posts\/14073\/revisions"}],"predecessor-version":[{"id":14075,"href":"https:\/\/blogdorogeriogomes.com.br\/noticias\/wp-json\/wp\/v2\/posts\/14073\/revisions\/14075"}],"wp:attachment":[{"href":"https:\/\/blogdorogeriogomes.com.br\/noticias\/wp-json\/wp\/v2\/media?parent=14073"}],"wp:term":[{"taxonomy":"category","embeddable":true,"href":"https:\/\/blogdorogeriogomes.com.br\/noticias\/wp-json\/wp\/v2\/categories?post=14073"},{"taxonomy":"post_tag","embeddable":true,"href":"https:\/\/blogdorogeriogomes.com.br\/noticias\/wp-json\/wp\/v2\/tags?post=14073"}],"curies":[{"name":"wp","href":"https:\/\/api.w.org\/{rel}","templated":true}]}}