{"id":14076,"date":"2019-09-29T21:53:32","date_gmt":"2019-09-29T21:53:32","guid":{"rendered":"http:\/\/blogdorogeriogomes.com.br\/?p=14076"},"modified":"2019-09-29T21:53:32","modified_gmt":"2019-09-29T21:53:32","slug":"acoes-das-policias-civil-e-militar-reduzem-numeros-de-ataques-criminosos-no-fim-de-semana","status":"publish","type":"post","link":"https:\/\/blogdorogeriogomes.com.br\/noticias\/2019\/09\/acoes-das-policias-civil-e-militar-reduzem-numeros-de-ataques-criminosos-no-fim-de-semana\/","title":{"rendered":"A\u00e7\u00f5es das Pol\u00edcias Civil e Militar reduzem n\u00fameros de ataques criminosos no fim de semana"},"content":{"rendered":"<p><img loading=\"lazy\" decoding=\"async\" class=\"alignnone size-medium wp-image-14077\" src=\"http:\/\/blogdorogeriogomes.com.br\/wp-content\/uploads\/2019\/09\/190927_FACHADA-DHPP-1200x675-300x169.jpeg\" alt=\"190927_FACHADA-DHPP-1200x675\" width=\"300\" height=\"169\" srcset=\"https:\/\/blogdorogeriogomes.com.br\/noticias\/wp-content\/uploads\/2019\/09\/190927_FACHADA-DHPP-1200x675-300x169.jpeg 300w, https:\/\/blogdorogeriogomes.com.br\/noticias\/wp-content\/uploads\/2019\/09\/190927_FACHADA-DHPP-1200x675-768x432.jpeg 768w, https:\/\/blogdorogeriogomes.com.br\/noticias\/wp-content\/uploads\/2019\/09\/190927_FACHADA-DHPP-1200x675-1024x576.jpeg 1024w, https:\/\/blogdorogeriogomes.com.br\/noticias\/wp-content\/uploads\/2019\/09\/190927_FACHADA-DHPP-1200x675.jpeg 1200w\" sizes=\"auto, (max-width: 300px) 100vw, 300px\" \/><\/p>\n<p>As \u00faltimas opera\u00e7\u00f5es realizadas pelas Pol\u00edcias Civil e Militar em Fortaleza e Regi\u00e3o Metropolitana, com a pris\u00e3o de v\u00e1rios integrantes da fac\u00e7\u00e3o apontada como respons\u00e1vel pelos ataques criminosos no Estado, fizeram as a\u00e7\u00f5es dos bandidos diminu\u00edrem no s\u00e1bado, dia 28 de setembro, e domingo, dia 29. Pelo menos \u00e9 esta a avalia\u00e7\u00e3o da Secretaria de Seguran\u00e7a P\u00fablica e Defesa Social (SSPDS).<br \/>\nOs n\u00fameros divulgados neste domingo mostram que 110 pessoas j\u00e1 foram presas no Cear\u00e1 pelos ataques registrados desde o \u00faltimo dia 20 de setembro. 33 adolescentes foram apreendidos. 108 ataques criminosos foram registradas no Estado.<br \/>\nO Comando da PM no Cear\u00e1 que cerca de 2 mil policiais militares a mais est\u00e3o refor\u00e7ando a seguran\u00e7a em pontos estrat\u00e9gicos de Fortaleza e Regi\u00e3o Metropolitana.<\/p>\n","protected":false},"excerpt":{"rendered":"<p>As \u00faltimas opera\u00e7\u00f5es realizadas pelas Pol\u00edcias Civil e Militar em Fortaleza e Regi\u00e3o Metropolitana, com a pris\u00e3o de v\u00e1rios integrantes da fac\u00e7\u00e3o apontada como respons\u00e1vel pelos ataques criminosos no Estado, fizeram as a\u00e7\u00f5es dos bandidos diminu\u00edrem no s\u00e1bado, dia 28 de setembro, e domingo, dia 29. Pelo menos \u00e9 esta a avalia\u00e7\u00e3o da Secretaria de Seguran\u00e7a P\u00fablica e Defesa Social (SSPDS). Os n\u00fameros divulgados neste domingo mostram que 110 pessoas j\u00e1 foram presas no Cear\u00e1 pelos ataques registrados desde&hellip;<\/p>\n","protected":false},"author":1,"featured_media":0,"comment_status":"open","ping_status":"open","sticky":false,"template":"","format":"standard","meta":{"footnotes":""},"categories":[1],"tags":[],"class_list":["post-14076","post","type-post","status-publish","format-standard","hentry","category-noticias"],"_links":{"self":[{"href":"https:\/\/blogdorogeriogomes.com.br\/noticias\/wp-json\/wp\/v2\/posts\/14076","targetHints":{"allow":["GET"]}}],"collection":[{"href":"https:\/\/blogdorogeriogomes.com.br\/noticias\/wp-json\/wp\/v2\/posts"}],"about":[{"href":"https:\/\/blogdorogeriogomes.com.br\/noticias\/wp-json\/wp\/v2\/types\/post"}],"author":[{"embeddable":true,"href":"https:\/\/blogdorogeriogomes.com.br\/noticias\/wp-json\/wp\/v2\/users\/1"}],"replies":[{"embeddable":true,"href":"https:\/\/blogdorogeriogomes.com.br\/noticias\/wp-json\/wp\/v2\/comments?post=14076"}],"version-history":[{"count":1,"href":"https:\/\/blogdorogeriogomes.com.br\/noticias\/wp-json\/wp\/v2\/posts\/14076\/revisions"}],"predecessor-version":[{"id":14078,"href":"https:\/\/blogdorogeriogomes.com.br\/noticias\/wp-json\/wp\/v2\/posts\/14076\/revisions\/14078"}],"wp:attachment":[{"href":"https:\/\/blogdorogeriogomes.com.br\/noticias\/wp-json\/wp\/v2\/media?parent=14076"}],"wp:term":[{"taxonomy":"category","embeddable":true,"href":"https:\/\/blogdorogeriogomes.com.br\/noticias\/wp-json\/wp\/v2\/categories?post=14076"},{"taxonomy":"post_tag","embeddable":true,"href":"https:\/\/blogdorogeriogomes.com.br\/noticias\/wp-json\/wp\/v2\/tags?post=14076"}],"curies":[{"name":"wp","href":"https:\/\/api.w.org\/{rel}","templated":true}]}}