{"id":14079,"date":"2019-09-30T09:31:49","date_gmt":"2019-09-30T09:31:49","guid":{"rendered":"http:\/\/blogdorogeriogomes.com.br\/?p=14079"},"modified":"2019-09-30T09:31:49","modified_gmt":"2019-09-30T09:31:49","slug":"revelacoes-de-rodrigo-janot-tumultuam-ainda-mais-cenario-da-operacao-lava-jato","status":"publish","type":"post","link":"https:\/\/blogdorogeriogomes.com.br\/noticias\/2019\/09\/revelacoes-de-rodrigo-janot-tumultuam-ainda-mais-cenario-da-operacao-lava-jato\/","title":{"rendered":"Revela\u00e7\u00f5es de Rodrigo Janot tumultuam ainda mais cen\u00e1rio da Opera\u00e7\u00e3o Lava Jato"},"content":{"rendered":"<p><img loading=\"lazy\" decoding=\"async\" class=\"alignnone size-medium wp-image-14080\" src=\"http:\/\/blogdorogeriogomes.com.br\/wp-content\/uploads\/2019\/09\/images-2019-09-30T062446.925-300x141.jpeg\" alt=\"images - 2019-09-30T062446.925\" width=\"300\" height=\"141\" srcset=\"https:\/\/blogdorogeriogomes.com.br\/noticias\/wp-content\/uploads\/2019\/09\/images-2019-09-30T062446.925-300x141.jpeg 300w, https:\/\/blogdorogeriogomes.com.br\/noticias\/wp-content\/uploads\/2019\/09\/images-2019-09-30T062446.925-768x360.jpeg 768w, https:\/\/blogdorogeriogomes.com.br\/noticias\/wp-content\/uploads\/2019\/09\/images-2019-09-30T062446.925.jpeg 808w\" sizes=\"auto, (max-width: 300px) 100vw, 300px\" \/><\/p>\n<p>As revela\u00e7\u00f5es feitas pelo o ex-procurador-geral da Rep\u00fablica Rodrigo Janot contra pol\u00edticos e at\u00e9 de um atentado contra o ministro do STF, Gilmar Mendes, incendiaram os bastidores pol\u00edticos em Bras\u00edlia. E o que \u00e9 pior: tumultuaram ainda mais o cen\u00e1rio da Opera\u00e7\u00e3o Lava Jato, que sofre intensas cr\u00edticas depois das mensagens vazadas pelo The Intercept Brasil. Em dezenas de conversas, procuradores articulam andamentos de processos que ferem a \u00e9tica e a devida ordem legal.<br \/>\nA consequ\u00eancia do conte\u00fado da fala de Janot j\u00e1 rendeu uma rea\u00e7\u00e3o do STF, que fez apreens\u00f5es no seu apartamento. Agora, a a\u00e7\u00e3o deve vir de integrantes do Conselho Nacional do Minist\u00e9rio P\u00fablico (CNMP), que avaliam pedir investiga\u00e7\u00e3o contra o ex-procurador-geral da Rep\u00fablica.<br \/>\nAli\u00e1s, a sucess\u00e3o de erros do Minist\u00e9rio P\u00fablico Federal na condu\u00e7\u00e3o de processos na Lava Jato j\u00e1 faz com que alguns procuradores passem a defender um novo julgamento para o ex-presidente Lula. A avalia\u00e7\u00e3o \u00e9 pacificar o Pa\u00eds e afastar as in\u00fameras suspeitas que passaram a pesar sobre os procuradores e o ex-juiz Sergio Moro.<\/p>\n","protected":false},"excerpt":{"rendered":"<p>As revela\u00e7\u00f5es feitas pelo o ex-procurador-geral da Rep\u00fablica Rodrigo Janot contra pol\u00edticos e at\u00e9 de um atentado contra o ministro do STF, Gilmar Mendes, incendiaram os bastidores pol\u00edticos em Bras\u00edlia. E o que \u00e9 pior: tumultuaram ainda mais o cen\u00e1rio da Opera\u00e7\u00e3o Lava Jato, que sofre intensas cr\u00edticas depois das mensagens vazadas pelo The Intercept Brasil. Em dezenas de conversas, procuradores articulam andamentos de processos que ferem a \u00e9tica e a devida ordem legal. A consequ\u00eancia do conte\u00fado da&hellip;<\/p>\n","protected":false},"author":1,"featured_media":0,"comment_status":"open","ping_status":"open","sticky":false,"template":"","format":"standard","meta":{"footnotes":""},"categories":[1],"tags":[],"class_list":["post-14079","post","type-post","status-publish","format-standard","hentry","category-noticias"],"_links":{"self":[{"href":"https:\/\/blogdorogeriogomes.com.br\/noticias\/wp-json\/wp\/v2\/posts\/14079","targetHints":{"allow":["GET"]}}],"collection":[{"href":"https:\/\/blogdorogeriogomes.com.br\/noticias\/wp-json\/wp\/v2\/posts"}],"about":[{"href":"https:\/\/blogdorogeriogomes.com.br\/noticias\/wp-json\/wp\/v2\/types\/post"}],"author":[{"embeddable":true,"href":"https:\/\/blogdorogeriogomes.com.br\/noticias\/wp-json\/wp\/v2\/users\/1"}],"replies":[{"embeddable":true,"href":"https:\/\/blogdorogeriogomes.com.br\/noticias\/wp-json\/wp\/v2\/comments?post=14079"}],"version-history":[{"count":1,"href":"https:\/\/blogdorogeriogomes.com.br\/noticias\/wp-json\/wp\/v2\/posts\/14079\/revisions"}],"predecessor-version":[{"id":14081,"href":"https:\/\/blogdorogeriogomes.com.br\/noticias\/wp-json\/wp\/v2\/posts\/14079\/revisions\/14081"}],"wp:attachment":[{"href":"https:\/\/blogdorogeriogomes.com.br\/noticias\/wp-json\/wp\/v2\/media?parent=14079"}],"wp:term":[{"taxonomy":"category","embeddable":true,"href":"https:\/\/blogdorogeriogomes.com.br\/noticias\/wp-json\/wp\/v2\/categories?post=14079"},{"taxonomy":"post_tag","embeddable":true,"href":"https:\/\/blogdorogeriogomes.com.br\/noticias\/wp-json\/wp\/v2\/tags?post=14079"}],"curies":[{"name":"wp","href":"https:\/\/api.w.org\/{rel}","templated":true}]}}