{"id":14082,"date":"2019-09-30T09:48:53","date_gmt":"2019-09-30T09:48:53","guid":{"rendered":"http:\/\/blogdorogeriogomes.com.br\/?p=14082"},"modified":"2019-09-30T09:48:53","modified_gmt":"2019-09-30T09:48:53","slug":"camilo-santana-sanciona-leis-da-nova-plataforma-de-modernizacao-da-saude","status":"publish","type":"post","link":"https:\/\/blogdorogeriogomes.com.br\/noticias\/2019\/09\/camilo-santana-sanciona-leis-da-nova-plataforma-de-modernizacao-da-saude\/","title":{"rendered":"Camilo Santana sanciona leis da nova Plataforma de Moderniza\u00e7\u00e3o da Sa\u00fade"},"content":{"rendered":"<p><img loading=\"lazy\" decoding=\"async\" class=\"alignnone size-medium wp-image-14083\" src=\"http:\/\/blogdorogeriogomes.com.br\/wp-content\/uploads\/2019\/09\/images-2019-09-30T064335.785-300x168.jpeg\" alt=\"images - 2019-09-30T064335.785\" width=\"300\" height=\"168\" srcset=\"https:\/\/blogdorogeriogomes.com.br\/noticias\/wp-content\/uploads\/2019\/09\/images-2019-09-30T064335.785-300x168.jpeg 300w, https:\/\/blogdorogeriogomes.com.br\/noticias\/wp-content\/uploads\/2019\/09\/images-2019-09-30T064335.785.jpeg 739w\" sizes=\"auto, (max-width: 300px) 100vw, 300px\" \/><\/p>\n<p>O governador do Cear\u00e1, Camilo Santana, sanciona nesta segunda-feira, dia 30 de setembro, as leis de integra\u00e7\u00e3o das regi\u00f5es de sa\u00fade e da nova estrutura de organiza\u00e7\u00e3o da Secretaria da Sa\u00fade do Cear\u00e1 (Sesa). A solenidade de assinatura das leis acontece no Pal\u00e1cio da Aboli\u00e7\u00e3o.<br \/>\nAs duas leis fazem parte da Plataforma de Moderniza\u00e7\u00e3o da Sa\u00fade e tiveram suas propostas aprovadas na Assembleia Legislativa do Cear\u00e1, no \u00faltimo dia 5 de setembro. Uma delas disp\u00f5e sobre a integra\u00e7\u00e3o, no \u00e2mbito do Sistema \u00danico de Sa\u00fade (SUS), das a\u00e7\u00f5es e dos servi\u00e7os p\u00fablicos de sa\u00fade do Estado e dos 184 munic\u00edpios, divididos em regi\u00f5es de sa\u00fade. H\u00e1 tamb\u00e9m a adequa\u00e7\u00e3o da estrutura organizacional da Sesa, resultado do novo modelo de gest\u00e3o da Sa\u00fade. O objetivo \u00e9 planejar e formular as pol\u00edticas p\u00fablicas da Sa\u00fade.<br \/>\nA Plataforma de Moderniza\u00e7\u00e3o da Sa\u00fade foi lan\u00e7ada pelo governador Camilo Santana e o secret\u00e1rio da Sa\u00fade, Dr. Cabeto, em 19 de agosto deste ano, e tem investimento extra de R$ 600 milh\u00f5es para sua implanta\u00e7\u00e3o.<\/p>\n","protected":false},"excerpt":{"rendered":"<p>O governador do Cear\u00e1, Camilo Santana, sanciona nesta segunda-feira, dia 30 de setembro, as leis de integra\u00e7\u00e3o das regi\u00f5es de sa\u00fade e da nova estrutura de organiza\u00e7\u00e3o da Secretaria da Sa\u00fade do Cear\u00e1 (Sesa). A solenidade de assinatura das leis acontece no Pal\u00e1cio da Aboli\u00e7\u00e3o. As duas leis fazem parte da Plataforma de Moderniza\u00e7\u00e3o da Sa\u00fade e tiveram suas propostas aprovadas na Assembleia Legislativa do Cear\u00e1, no \u00faltimo dia 5 de setembro. Uma delas disp\u00f5e sobre a integra\u00e7\u00e3o, no&hellip;<\/p>\n","protected":false},"author":1,"featured_media":0,"comment_status":"open","ping_status":"open","sticky":false,"template":"","format":"standard","meta":{"footnotes":""},"categories":[1],"tags":[],"class_list":["post-14082","post","type-post","status-publish","format-standard","hentry","category-noticias"],"_links":{"self":[{"href":"https:\/\/blogdorogeriogomes.com.br\/noticias\/wp-json\/wp\/v2\/posts\/14082","targetHints":{"allow":["GET"]}}],"collection":[{"href":"https:\/\/blogdorogeriogomes.com.br\/noticias\/wp-json\/wp\/v2\/posts"}],"about":[{"href":"https:\/\/blogdorogeriogomes.com.br\/noticias\/wp-json\/wp\/v2\/types\/post"}],"author":[{"embeddable":true,"href":"https:\/\/blogdorogeriogomes.com.br\/noticias\/wp-json\/wp\/v2\/users\/1"}],"replies":[{"embeddable":true,"href":"https:\/\/blogdorogeriogomes.com.br\/noticias\/wp-json\/wp\/v2\/comments?post=14082"}],"version-history":[{"count":1,"href":"https:\/\/blogdorogeriogomes.com.br\/noticias\/wp-json\/wp\/v2\/posts\/14082\/revisions"}],"predecessor-version":[{"id":14084,"href":"https:\/\/blogdorogeriogomes.com.br\/noticias\/wp-json\/wp\/v2\/posts\/14082\/revisions\/14084"}],"wp:attachment":[{"href":"https:\/\/blogdorogeriogomes.com.br\/noticias\/wp-json\/wp\/v2\/media?parent=14082"}],"wp:term":[{"taxonomy":"category","embeddable":true,"href":"https:\/\/blogdorogeriogomes.com.br\/noticias\/wp-json\/wp\/v2\/categories?post=14082"},{"taxonomy":"post_tag","embeddable":true,"href":"https:\/\/blogdorogeriogomes.com.br\/noticias\/wp-json\/wp\/v2\/tags?post=14082"}],"curies":[{"name":"wp","href":"https:\/\/api.w.org\/{rel}","templated":true}]}}