{"id":14085,"date":"2019-09-30T17:23:17","date_gmt":"2019-09-30T17:23:17","guid":{"rendered":"http:\/\/blogdorogeriogomes.com.br\/?p=14085"},"modified":"2019-09-30T17:23:17","modified_gmt":"2019-09-30T17:23:17","slug":"medalha-dom-helder-camara-sera-entregue-ao-advogado-helio-leitao-nesta-terca-feira","status":"publish","type":"post","link":"https:\/\/blogdorogeriogomes.com.br\/noticias\/2019\/09\/medalha-dom-helder-camara-sera-entregue-ao-advogado-helio-leitao-nesta-terca-feira\/","title":{"rendered":"Medalha Dom H\u00e9lder C\u00e2mara ser\u00e1 entregue ao advogado H\u00e9lio Leit\u00e3o nesta ter\u00e7a-feira"},"content":{"rendered":"<p><img loading=\"lazy\" decoding=\"async\" class=\"alignnone size-medium wp-image-14087\" src=\"http:\/\/blogdorogeriogomes.com.br\/wp-content\/uploads\/2019\/09\/images-2019-09-30T140208.456-300x200.jpeg\" alt=\"images - 2019-09-30T140208.456\" width=\"300\" height=\"200\" srcset=\"https:\/\/blogdorogeriogomes.com.br\/noticias\/wp-content\/uploads\/2019\/09\/images-2019-09-30T140208.456-300x200.jpeg 300w, https:\/\/blogdorogeriogomes.com.br\/noticias\/wp-content\/uploads\/2019\/09\/images-2019-09-30T140208.456.jpeg 678w\" sizes=\"auto, (max-width: 300px) 100vw, 300px\" \/><\/p>\n<p>A C\u00e2mara Municipal de Fortaleza realiza nesta ter\u00e7a-feira, dia 1\u00ba de outubro, a entrega da Medalha Dom H\u00e9lder C\u00e2mara ao advogado e conselheiro federal da Ordem dos Advogados do Brasil (OAB), H\u00e9lio Leit\u00e3o. A escolha do homenageado partiu de requerimento de autoria do vereador Evaldo Lima (PCdoB), com aprova\u00e7\u00e3o da Comiss\u00e3o de Direitos Humanos, da Mulher, da Juventude, da Crian\u00e7a e do Idoso. A solenidade tem presen\u00e7a confirmada do presidente da OAB nacional, Felipe Santa Cruz.<br \/>\nNa administra\u00e7\u00e3o p\u00fablica estadual, H\u00e9lio Leit\u00e3o desempenhou a fun\u00e7\u00e3o de Assessor para Assuntos Internacionais do Governo do Cear\u00e1 e esteve secret\u00e1rio de Estado da Justi\u00e7a e Cidadania.<\/p>\n","protected":false},"excerpt":{"rendered":"<p>A C\u00e2mara Municipal de Fortaleza realiza nesta ter\u00e7a-feira, dia 1\u00ba de outubro, a entrega da Medalha Dom H\u00e9lder C\u00e2mara ao advogado e conselheiro federal da Ordem dos Advogados do Brasil (OAB), H\u00e9lio Leit\u00e3o. A escolha do homenageado partiu de requerimento de autoria do vereador Evaldo Lima (PCdoB), com aprova\u00e7\u00e3o da Comiss\u00e3o de Direitos Humanos, da Mulher, da Juventude, da Crian\u00e7a e do Idoso. A solenidade tem presen\u00e7a confirmada do presidente da OAB nacional, Felipe Santa Cruz. Na administra\u00e7\u00e3o p\u00fablica&hellip;<\/p>\n","protected":false},"author":1,"featured_media":0,"comment_status":"open","ping_status":"open","sticky":false,"template":"","format":"standard","meta":{"footnotes":""},"categories":[1],"tags":[],"class_list":["post-14085","post","type-post","status-publish","format-standard","hentry","category-noticias"],"_links":{"self":[{"href":"https:\/\/blogdorogeriogomes.com.br\/noticias\/wp-json\/wp\/v2\/posts\/14085","targetHints":{"allow":["GET"]}}],"collection":[{"href":"https:\/\/blogdorogeriogomes.com.br\/noticias\/wp-json\/wp\/v2\/posts"}],"about":[{"href":"https:\/\/blogdorogeriogomes.com.br\/noticias\/wp-json\/wp\/v2\/types\/post"}],"author":[{"embeddable":true,"href":"https:\/\/blogdorogeriogomes.com.br\/noticias\/wp-json\/wp\/v2\/users\/1"}],"replies":[{"embeddable":true,"href":"https:\/\/blogdorogeriogomes.com.br\/noticias\/wp-json\/wp\/v2\/comments?post=14085"}],"version-history":[{"count":1,"href":"https:\/\/blogdorogeriogomes.com.br\/noticias\/wp-json\/wp\/v2\/posts\/14085\/revisions"}],"predecessor-version":[{"id":14088,"href":"https:\/\/blogdorogeriogomes.com.br\/noticias\/wp-json\/wp\/v2\/posts\/14085\/revisions\/14088"}],"wp:attachment":[{"href":"https:\/\/blogdorogeriogomes.com.br\/noticias\/wp-json\/wp\/v2\/media?parent=14085"}],"wp:term":[{"taxonomy":"category","embeddable":true,"href":"https:\/\/blogdorogeriogomes.com.br\/noticias\/wp-json\/wp\/v2\/categories?post=14085"},{"taxonomy":"post_tag","embeddable":true,"href":"https:\/\/blogdorogeriogomes.com.br\/noticias\/wp-json\/wp\/v2\/tags?post=14085"}],"curies":[{"name":"wp","href":"https:\/\/api.w.org\/{rel}","templated":true}]}}