{"id":14089,"date":"2019-09-30T20:39:17","date_gmt":"2019-09-30T20:39:17","guid":{"rendered":"http:\/\/blogdorogeriogomes.com.br\/?p=14089"},"modified":"2019-09-30T20:39:17","modified_gmt":"2019-09-30T20:39:17","slug":"lula-diz-a-advogados-que-nao-aceita-barganhar-a-sua-liberdade","status":"publish","type":"post","link":"https:\/\/blogdorogeriogomes.com.br\/noticias\/2019\/09\/lula-diz-a-advogados-que-nao-aceita-barganhar-a-sua-liberdade\/","title":{"rendered":"Lula diz a advogados que n\u00e3o aceita &#8220;barganhar a sua liberdade&#8221;"},"content":{"rendered":"<p><img loading=\"lazy\" decoding=\"async\" class=\"alignnone size-medium wp-image-14090\" src=\"http:\/\/blogdorogeriogomes.com.br\/wp-content\/uploads\/2019\/09\/images-2019-09-30T172447.079-300x156.jpeg\" alt=\"images - 2019-09-30T172447.079\" width=\"300\" height=\"156\" srcset=\"https:\/\/blogdorogeriogomes.com.br\/noticias\/wp-content\/uploads\/2019\/09\/images-2019-09-30T172447.079-300x156.jpeg 300w, https:\/\/blogdorogeriogomes.com.br\/noticias\/wp-content\/uploads\/2019\/09\/images-2019-09-30T172447.079.jpeg 767w\" sizes=\"auto, (max-width: 300px) 100vw, 300px\" \/><\/p>\n<p>Como j\u00e1 estava sendo especulado, o ex-presidente Lula se reuniu nesta segunda-feira, dia 30 de setembro, com os seus advogados na Superintend\u00eancia da Pol\u00edcia Federal, em Curitiba, e comunicou que n\u00e3o ir\u00e1 aceitar imposi\u00e7\u00f5es da Justi\u00e7a no regime de progress\u00e3o de liberdade, tipo uso de tornozeleira eletr\u00f4nica, restri\u00e7\u00e3o de circula\u00e7\u00e3o, recebimento de visitas em casa, entre outras. Ele afirmou, em carta, que n\u00e3o ir\u00e1 trocar sua dignidade por sua liberdade. &#8220;Quero que saibam que n\u00e3o aceito barganhar meus direitos e minha liberdade&#8221;, escreveu Lula.<br \/>\nOs procuradores do Minist\u00e9rio P\u00fablico Federal pediram a progress\u00e3o da pena de Lula para o regime semiaberto.De acordo com o advogado do ex-presidente, Cristiano Zanin Martins, a defesa entrar\u00e1 com peti\u00e7\u00f5es no Supremo Tribunal Federal solicitando urg\u00eancia nos julgamentos dos recursos que anular processos de Lula.<br \/>\nUm dos recursos alega a suspei\u00e7\u00e3o do ex-juiz Sergio Moro. O caso come\u00e7ou a ser analisado em junho, mas o julgamento n\u00e3o foi conclu\u00eddo. Tamb\u00e9m est\u00e1 pendente a an\u00e1lise do pedido de suspei\u00e7\u00e3o dos procuradores da Rep\u00fablica que integram a for\u00e7a-tarefa da Opera\u00e7\u00e3o Lava Jato.<\/p>\n","protected":false},"excerpt":{"rendered":"<p>Como j\u00e1 estava sendo especulado, o ex-presidente Lula se reuniu nesta segunda-feira, dia 30 de setembro, com os seus advogados na Superintend\u00eancia da Pol\u00edcia Federal, em Curitiba, e comunicou que n\u00e3o ir\u00e1 aceitar imposi\u00e7\u00f5es da Justi\u00e7a no regime de progress\u00e3o de liberdade, tipo uso de tornozeleira eletr\u00f4nica, restri\u00e7\u00e3o de circula\u00e7\u00e3o, recebimento de visitas em casa, entre outras. Ele afirmou, em carta, que n\u00e3o ir\u00e1 trocar sua dignidade por sua liberdade. &#8220;Quero que saibam que n\u00e3o aceito barganhar meus direitos&hellip;<\/p>\n","protected":false},"author":1,"featured_media":0,"comment_status":"open","ping_status":"open","sticky":false,"template":"","format":"standard","meta":{"footnotes":""},"categories":[1],"tags":[],"class_list":["post-14089","post","type-post","status-publish","format-standard","hentry","category-noticias"],"_links":{"self":[{"href":"https:\/\/blogdorogeriogomes.com.br\/noticias\/wp-json\/wp\/v2\/posts\/14089","targetHints":{"allow":["GET"]}}],"collection":[{"href":"https:\/\/blogdorogeriogomes.com.br\/noticias\/wp-json\/wp\/v2\/posts"}],"about":[{"href":"https:\/\/blogdorogeriogomes.com.br\/noticias\/wp-json\/wp\/v2\/types\/post"}],"author":[{"embeddable":true,"href":"https:\/\/blogdorogeriogomes.com.br\/noticias\/wp-json\/wp\/v2\/users\/1"}],"replies":[{"embeddable":true,"href":"https:\/\/blogdorogeriogomes.com.br\/noticias\/wp-json\/wp\/v2\/comments?post=14089"}],"version-history":[{"count":1,"href":"https:\/\/blogdorogeriogomes.com.br\/noticias\/wp-json\/wp\/v2\/posts\/14089\/revisions"}],"predecessor-version":[{"id":14091,"href":"https:\/\/blogdorogeriogomes.com.br\/noticias\/wp-json\/wp\/v2\/posts\/14089\/revisions\/14091"}],"wp:attachment":[{"href":"https:\/\/blogdorogeriogomes.com.br\/noticias\/wp-json\/wp\/v2\/media?parent=14089"}],"wp:term":[{"taxonomy":"category","embeddable":true,"href":"https:\/\/blogdorogeriogomes.com.br\/noticias\/wp-json\/wp\/v2\/categories?post=14089"},{"taxonomy":"post_tag","embeddable":true,"href":"https:\/\/blogdorogeriogomes.com.br\/noticias\/wp-json\/wp\/v2\/tags?post=14089"}],"curies":[{"name":"wp","href":"https:\/\/api.w.org\/{rel}","templated":true}]}}