{"id":14092,"date":"2019-09-30T20:52:19","date_gmt":"2019-09-30T20:52:19","guid":{"rendered":"http:\/\/blogdorogeriogomes.com.br\/?p=14092"},"modified":"2019-09-30T23:42:38","modified_gmt":"2019-09-30T23:42:38","slug":"procon-fortaleza-vai-realizar-mutirao-de-renegociacao-de-dividas-no-ginasio-paulo-sarasate","status":"publish","type":"post","link":"https:\/\/blogdorogeriogomes.com.br\/noticias\/2019\/09\/procon-fortaleza-vai-realizar-mutirao-de-renegociacao-de-dividas-no-ginasio-paulo-sarasate\/","title":{"rendered":"Procon Fortaleza vai realizar Mutir\u00e3o de Renegocia\u00e7\u00e3o de D\u00edvidas no Gin\u00e1sio Paulo Sarasate"},"content":{"rendered":"<p><img loading=\"lazy\" decoding=\"async\" class=\"alignnone size-medium wp-image-14093\" src=\"http:\/\/blogdorogeriogomes.com.br\/wp-content\/uploads\/2019\/09\/images-2019-09-30T174754.817-300x200.jpeg\" alt=\"images - 2019-09-30T174754.817\" width=\"300\" height=\"200\" srcset=\"https:\/\/blogdorogeriogomes.com.br\/noticias\/wp-content\/uploads\/2019\/09\/images-2019-09-30T174754.817-300x200.jpeg 300w, https:\/\/blogdorogeriogomes.com.br\/noticias\/wp-content\/uploads\/2019\/09\/images-2019-09-30T174754.817.jpeg 524w\" sizes=\"auto, (max-width: 300px) 100vw, 300px\" \/><\/p>\n<p>O Procon Fortaleza vai realizar um Mutir\u00e3o de Renegocia\u00e7\u00e3o de D\u00edvidas no per\u00edodo de 7 a 11 de outubro. Nesta quarta-feira, dia 2 de outubro, a diretora do Procon Municipal, Cl\u00e1udia Santos, vai dar detalhes do mutir\u00e3o durante uma entrevista coletiva.<br \/>\nA novidade este ano \u00e9 que o mutir\u00e3o de renegocia\u00e7\u00e3o ser\u00e1 realizado no Gin\u00e1sio Paulo Sarasate, que oferecer\u00e1 mais espa\u00e7o e conforto para os consumidores. O gin\u00e1sio tem \u00e1rea coberta e assentos suficientes para realizar at\u00e9 mil negocia\u00e7\u00f5es por dia.<\/p>\n","protected":false},"excerpt":{"rendered":"<p>O Procon Fortaleza vai realizar um Mutir\u00e3o de Renegocia\u00e7\u00e3o de D\u00edvidas no per\u00edodo de 7 a 11 de outubro. Nesta quarta-feira, dia 2 de outubro, a diretora do Procon Municipal, Cl\u00e1udia Santos, vai dar detalhes do mutir\u00e3o durante uma entrevista coletiva. A novidade este ano \u00e9 que o mutir\u00e3o de renegocia\u00e7\u00e3o ser\u00e1 realizado no Gin\u00e1sio Paulo Sarasate, que oferecer\u00e1 mais espa\u00e7o e conforto para os consumidores. O gin\u00e1sio tem \u00e1rea coberta e assentos suficientes para realizar at\u00e9 mil negocia\u00e7\u00f5es&hellip;<\/p>\n","protected":false},"author":1,"featured_media":0,"comment_status":"open","ping_status":"open","sticky":false,"template":"","format":"standard","meta":{"footnotes":""},"categories":[1],"tags":[],"class_list":["post-14092","post","type-post","status-publish","format-standard","hentry","category-noticias"],"_links":{"self":[{"href":"https:\/\/blogdorogeriogomes.com.br\/noticias\/wp-json\/wp\/v2\/posts\/14092","targetHints":{"allow":["GET"]}}],"collection":[{"href":"https:\/\/blogdorogeriogomes.com.br\/noticias\/wp-json\/wp\/v2\/posts"}],"about":[{"href":"https:\/\/blogdorogeriogomes.com.br\/noticias\/wp-json\/wp\/v2\/types\/post"}],"author":[{"embeddable":true,"href":"https:\/\/blogdorogeriogomes.com.br\/noticias\/wp-json\/wp\/v2\/users\/1"}],"replies":[{"embeddable":true,"href":"https:\/\/blogdorogeriogomes.com.br\/noticias\/wp-json\/wp\/v2\/comments?post=14092"}],"version-history":[{"count":2,"href":"https:\/\/blogdorogeriogomes.com.br\/noticias\/wp-json\/wp\/v2\/posts\/14092\/revisions"}],"predecessor-version":[{"id":14095,"href":"https:\/\/blogdorogeriogomes.com.br\/noticias\/wp-json\/wp\/v2\/posts\/14092\/revisions\/14095"}],"wp:attachment":[{"href":"https:\/\/blogdorogeriogomes.com.br\/noticias\/wp-json\/wp\/v2\/media?parent=14092"}],"wp:term":[{"taxonomy":"category","embeddable":true,"href":"https:\/\/blogdorogeriogomes.com.br\/noticias\/wp-json\/wp\/v2\/categories?post=14092"},{"taxonomy":"post_tag","embeddable":true,"href":"https:\/\/blogdorogeriogomes.com.br\/noticias\/wp-json\/wp\/v2\/tags?post=14092"}],"curies":[{"name":"wp","href":"https:\/\/api.w.org\/{rel}","templated":true}]}}