{"id":14096,"date":"2019-10-01T08:44:54","date_gmt":"2019-10-01T08:44:54","guid":{"rendered":"http:\/\/blogdorogeriogomes.com.br\/?p=14096"},"modified":"2019-10-01T08:44:54","modified_gmt":"2019-10-01T08:44:54","slug":"plano-plurianual-20202023-comeca-a-tramitar-na-assembleia-legislativa-do-ceara","status":"publish","type":"post","link":"https:\/\/blogdorogeriogomes.com.br\/noticias\/2019\/10\/plano-plurianual-20202023-comeca-a-tramitar-na-assembleia-legislativa-do-ceara\/","title":{"rendered":"Plano Plurianual 2020\/2023 come\u00e7a a tramitar na Assembleia Legislativa do Cear\u00e1"},"content":{"rendered":"<p><img loading=\"lazy\" decoding=\"async\" class=\"alignnone size-medium wp-image-14097\" src=\"http:\/\/blogdorogeriogomes.com.br\/wp-content\/uploads\/2019\/10\/images-2019-10-01T054036.553-300x201.jpeg\" alt=\"images - 2019-10-01T054036.553\" width=\"300\" height=\"201\" srcset=\"https:\/\/blogdorogeriogomes.com.br\/noticias\/wp-content\/uploads\/2019\/10\/images-2019-10-01T054036.553-300x201.jpeg 300w, https:\/\/blogdorogeriogomes.com.br\/noticias\/wp-content\/uploads\/2019\/10\/images-2019-10-01T054036.553.jpeg 677w\" sizes=\"auto, (max-width: 300px) 100vw, 300px\" \/><\/p>\n<p>Come\u00e7a a tramitar na Assembleia Legislativa do Cear\u00e1 o Plano Plurianual 2020-2023, j\u00e1 encaminhado pelo Governo do Estado. O plano retrata o planejamento de todas as pol\u00edticas p\u00fablicas do Cear\u00e1 para os pr\u00f3ximos quatro anos. O documento prev\u00ea a aplica\u00e7\u00e3o de recursos na ordem de R$ 132,16 bilh\u00f5es, distribu\u00eddos entre os poderes Executivo, Judici\u00e1rio e Legislativo, incluindo o Tribunal de Contas do Estado, o Minist\u00e9rio P\u00fablico e a Defensoria P\u00fablica Geral do Estado. \u00c9 o maior volume de recursos j\u00e1 aplicados nesse tipo de plano de m\u00e9dio prazo.<br \/>\nO PPA \u00e9 composto por sete eixos governamentais de articula\u00e7\u00e3o intersetorial: Cear\u00e1 Acolhedor, Cear\u00e1 da Gest\u00e3o Democr\u00e1tica para Resultados, Cear\u00e1 de Oportunidades, Cear\u00e1 do Conhecimento, Cear\u00e1 Pac\u00edfico, Cear\u00e1 Saud\u00e1vel e Cear\u00e1 Sustent\u00e1vel, os quais contemplam 73,9 bilh\u00f5es dos recursos estimados. O trabalho de elabora\u00e7\u00e3o do PPA, que envolveu mais de 1.200 gestores e t\u00e9cnicos, come\u00e7ou em maio de 2018.<\/p>\n","protected":false},"excerpt":{"rendered":"<p>Come\u00e7a a tramitar na Assembleia Legislativa do Cear\u00e1 o Plano Plurianual 2020-2023, j\u00e1 encaminhado pelo Governo do Estado. O plano retrata o planejamento de todas as pol\u00edticas p\u00fablicas do Cear\u00e1 para os pr\u00f3ximos quatro anos. O documento prev\u00ea a aplica\u00e7\u00e3o de recursos na ordem de R$ 132,16 bilh\u00f5es, distribu\u00eddos entre os poderes Executivo, Judici\u00e1rio e Legislativo, incluindo o Tribunal de Contas do Estado, o Minist\u00e9rio P\u00fablico e a Defensoria P\u00fablica Geral do Estado. \u00c9 o maior volume de recursos&hellip;<\/p>\n","protected":false},"author":1,"featured_media":0,"comment_status":"open","ping_status":"open","sticky":false,"template":"","format":"standard","meta":{"footnotes":""},"categories":[1],"tags":[],"class_list":["post-14096","post","type-post","status-publish","format-standard","hentry","category-noticias"],"_links":{"self":[{"href":"https:\/\/blogdorogeriogomes.com.br\/noticias\/wp-json\/wp\/v2\/posts\/14096","targetHints":{"allow":["GET"]}}],"collection":[{"href":"https:\/\/blogdorogeriogomes.com.br\/noticias\/wp-json\/wp\/v2\/posts"}],"about":[{"href":"https:\/\/blogdorogeriogomes.com.br\/noticias\/wp-json\/wp\/v2\/types\/post"}],"author":[{"embeddable":true,"href":"https:\/\/blogdorogeriogomes.com.br\/noticias\/wp-json\/wp\/v2\/users\/1"}],"replies":[{"embeddable":true,"href":"https:\/\/blogdorogeriogomes.com.br\/noticias\/wp-json\/wp\/v2\/comments?post=14096"}],"version-history":[{"count":1,"href":"https:\/\/blogdorogeriogomes.com.br\/noticias\/wp-json\/wp\/v2\/posts\/14096\/revisions"}],"predecessor-version":[{"id":14098,"href":"https:\/\/blogdorogeriogomes.com.br\/noticias\/wp-json\/wp\/v2\/posts\/14096\/revisions\/14098"}],"wp:attachment":[{"href":"https:\/\/blogdorogeriogomes.com.br\/noticias\/wp-json\/wp\/v2\/media?parent=14096"}],"wp:term":[{"taxonomy":"category","embeddable":true,"href":"https:\/\/blogdorogeriogomes.com.br\/noticias\/wp-json\/wp\/v2\/categories?post=14096"},{"taxonomy":"post_tag","embeddable":true,"href":"https:\/\/blogdorogeriogomes.com.br\/noticias\/wp-json\/wp\/v2\/tags?post=14096"}],"curies":[{"name":"wp","href":"https:\/\/api.w.org\/{rel}","templated":true}]}}