{"id":14099,"date":"2019-10-01T09:02:11","date_gmt":"2019-10-01T09:02:11","guid":{"rendered":"http:\/\/blogdorogeriogomes.com.br\/?p=14099"},"modified":"2019-10-01T09:02:11","modified_gmt":"2019-10-01T09:02:11","slug":"gilmar-mendes-suspende-processos-que-envolvem-quebra-de-sigilo-de-flavio-bolsonaro","status":"publish","type":"post","link":"https:\/\/blogdorogeriogomes.com.br\/noticias\/2019\/10\/gilmar-mendes-suspende-processos-que-envolvem-quebra-de-sigilo-de-flavio-bolsonaro\/","title":{"rendered":"Gilmar Mendes suspende processos que envolvem quebra de sigilo de Fl\u00e1vio Bolsonaro"},"content":{"rendered":"<p><img loading=\"lazy\" decoding=\"async\" class=\"alignnone size-medium wp-image-14100\" src=\"http:\/\/blogdorogeriogomes.com.br\/wp-content\/uploads\/2019\/10\/images-2019-10-01T055719.658-300x169.jpeg\" alt=\"images - 2019-10-01T055719.658\" width=\"300\" height=\"169\" srcset=\"https:\/\/blogdorogeriogomes.com.br\/noticias\/wp-content\/uploads\/2019\/10\/images-2019-10-01T055719.658-300x169.jpeg 300w, https:\/\/blogdorogeriogomes.com.br\/noticias\/wp-content\/uploads\/2019\/10\/images-2019-10-01T055719.658.jpeg 660w\" sizes=\"auto, (max-width: 300px) 100vw, 300px\" \/><\/p>\n<p>O ministro Gilmar Mendes, do Supremo Tribunal Federal, determinou a suspens\u00e3o de todos os processos que envolvem a quebra do sigilo do senador Fl\u00e1vio Bolsonaro (PSL-RJ) no caso Queiroz. A decis\u00e3o \u00e9 do \u00faltimo dia 27.<br \/>\nA decis\u00e3o atende a pedido do advogado de Fl\u00e1vio, Frederick Wassef, que esteve reunido com o presidente Jair Bolsonaro no Pal\u00e1cio da Alvorada, no \u00faltimo s\u00e1bado, dia 28 de setembro.<br \/>\nO Minist\u00e9rio P\u00fablico do Rio de Janeiro investiga um suposto esquema de repasse de sal\u00e1rios de servidores ao chefe de gabinete, por meio do ent\u00e3o assessor Fabr\u00edcio Queiroz, quando Fl\u00e1vio ainda era deputado estadual na Assembleia Legislativa do Rio de Janeiro.<\/p>\n","protected":false},"excerpt":{"rendered":"<p>O ministro Gilmar Mendes, do Supremo Tribunal Federal, determinou a suspens\u00e3o de todos os processos que envolvem a quebra do sigilo do senador Fl\u00e1vio Bolsonaro (PSL-RJ) no caso Queiroz. A decis\u00e3o \u00e9 do \u00faltimo dia 27. A decis\u00e3o atende a pedido do advogado de Fl\u00e1vio, Frederick Wassef, que esteve reunido com o presidente Jair Bolsonaro no Pal\u00e1cio da Alvorada, no \u00faltimo s\u00e1bado, dia 28 de setembro. O Minist\u00e9rio P\u00fablico do Rio de Janeiro investiga um suposto esquema de repasse&hellip;<\/p>\n","protected":false},"author":1,"featured_media":0,"comment_status":"open","ping_status":"open","sticky":false,"template":"","format":"standard","meta":{"footnotes":""},"categories":[1],"tags":[],"class_list":["post-14099","post","type-post","status-publish","format-standard","hentry","category-noticias"],"_links":{"self":[{"href":"https:\/\/blogdorogeriogomes.com.br\/noticias\/wp-json\/wp\/v2\/posts\/14099","targetHints":{"allow":["GET"]}}],"collection":[{"href":"https:\/\/blogdorogeriogomes.com.br\/noticias\/wp-json\/wp\/v2\/posts"}],"about":[{"href":"https:\/\/blogdorogeriogomes.com.br\/noticias\/wp-json\/wp\/v2\/types\/post"}],"author":[{"embeddable":true,"href":"https:\/\/blogdorogeriogomes.com.br\/noticias\/wp-json\/wp\/v2\/users\/1"}],"replies":[{"embeddable":true,"href":"https:\/\/blogdorogeriogomes.com.br\/noticias\/wp-json\/wp\/v2\/comments?post=14099"}],"version-history":[{"count":1,"href":"https:\/\/blogdorogeriogomes.com.br\/noticias\/wp-json\/wp\/v2\/posts\/14099\/revisions"}],"predecessor-version":[{"id":14101,"href":"https:\/\/blogdorogeriogomes.com.br\/noticias\/wp-json\/wp\/v2\/posts\/14099\/revisions\/14101"}],"wp:attachment":[{"href":"https:\/\/blogdorogeriogomes.com.br\/noticias\/wp-json\/wp\/v2\/media?parent=14099"}],"wp:term":[{"taxonomy":"category","embeddable":true,"href":"https:\/\/blogdorogeriogomes.com.br\/noticias\/wp-json\/wp\/v2\/categories?post=14099"},{"taxonomy":"post_tag","embeddable":true,"href":"https:\/\/blogdorogeriogomes.com.br\/noticias\/wp-json\/wp\/v2\/tags?post=14099"}],"curies":[{"name":"wp","href":"https:\/\/api.w.org\/{rel}","templated":true}]}}