{"id":14104,"date":"2019-10-01T21:04:37","date_gmt":"2019-10-01T21:04:37","guid":{"rendered":"http:\/\/blogdorogeriogomes.com.br\/?p=14104"},"modified":"2019-10-01T21:04:37","modified_gmt":"2019-10-01T21:04:37","slug":"vereadores-de-fortaleza-participam-de-acao-na-praca-do-ferreira-para-ouvir-demandas-da-populacao","status":"publish","type":"post","link":"https:\/\/blogdorogeriogomes.com.br\/noticias\/2019\/10\/vereadores-de-fortaleza-participam-de-acao-na-praca-do-ferreira-para-ouvir-demandas-da-populacao\/","title":{"rendered":"Vereadores de Fortaleza participam de a\u00e7\u00e3o na Pra\u00e7a do Ferreira para ouvir demandas da popula\u00e7\u00e3o"},"content":{"rendered":"<p><img loading=\"lazy\" decoding=\"async\" class=\"alignnone size-medium wp-image-14105\" src=\"http:\/\/blogdorogeriogomes.com.br\/wp-content\/uploads\/2019\/10\/IMG-20191001-WA0067-300x200.jpg\" alt=\"IMG-20191001-WA0067\" width=\"300\" height=\"200\" srcset=\"https:\/\/blogdorogeriogomes.com.br\/noticias\/wp-content\/uploads\/2019\/10\/IMG-20191001-WA0067-300x200.jpg 300w, https:\/\/blogdorogeriogomes.com.br\/noticias\/wp-content\/uploads\/2019\/10\/IMG-20191001-WA0067-768x512.jpg 768w, https:\/\/blogdorogeriogomes.com.br\/noticias\/wp-content\/uploads\/2019\/10\/IMG-20191001-WA0067-1024x682.jpg 1024w, https:\/\/blogdorogeriogomes.com.br\/noticias\/wp-content\/uploads\/2019\/10\/IMG-20191001-WA0067.jpg 1280w\" sizes=\"auto, (max-width: 300px) 100vw, 300px\" \/><\/p>\n<p>Vereadores de Fortaleza sa\u00edram do plen\u00e1rio e foram nesta ter\u00e7a-feira, dia 1\u00b0 de outubro, para a Pra\u00e7a do Ferreira, no Centro, ouvir demandas da popula\u00e7\u00e3o. E o ass\u00e9dio n\u00e3o poderia ter sido maior. Afinal, o que n\u00e3o faltam s\u00e3o demandas da popula\u00e7\u00e3o. A ideia surgiu do projeto \u201cNossa Voz, Nossa Fortaleza\u201d, que tem o objetivo de proporcionar encontros dos parlamentares com a sociedade.<br \/>\nNesta ter\u00e7a-feira transcorre o Dia do Vereador. Al\u00e9m da oferta de presta\u00e7\u00e3o de uma s\u00e9rie de servi\u00e7os de servi\u00e7os na Pra\u00e7a do Ferreira, tel\u00f5es tamb\u00e9m transmitiram na pra\u00e7a a sess\u00e3o ordin\u00e1ria da C\u00e2mara. O presidente do Legislativo Municipal, Ant\u00f4nio Henrique, avalia que a aproxima\u00e7\u00e3o com populares nos bairros facilita para que os vereadores recebam reivindica\u00e7\u00f5es que possam ser encaminhadas para discuss\u00e3o na C\u00e2mara e, posteriormente, cobradas da Prefeitura.<\/p>\n","protected":false},"excerpt":{"rendered":"<p>Vereadores de Fortaleza sa\u00edram do plen\u00e1rio e foram nesta ter\u00e7a-feira, dia 1\u00b0 de outubro, para a Pra\u00e7a do Ferreira, no Centro, ouvir demandas da popula\u00e7\u00e3o. E o ass\u00e9dio n\u00e3o poderia ter sido maior. Afinal, o que n\u00e3o faltam s\u00e3o demandas da popula\u00e7\u00e3o. A ideia surgiu do projeto \u201cNossa Voz, Nossa Fortaleza\u201d, que tem o objetivo de proporcionar encontros dos parlamentares com a sociedade. Nesta ter\u00e7a-feira transcorre o Dia do Vereador. Al\u00e9m da oferta de presta\u00e7\u00e3o de uma s\u00e9rie de&hellip;<\/p>\n","protected":false},"author":1,"featured_media":0,"comment_status":"open","ping_status":"open","sticky":false,"template":"","format":"standard","meta":{"footnotes":""},"categories":[1],"tags":[],"class_list":["post-14104","post","type-post","status-publish","format-standard","hentry","category-noticias"],"_links":{"self":[{"href":"https:\/\/blogdorogeriogomes.com.br\/noticias\/wp-json\/wp\/v2\/posts\/14104","targetHints":{"allow":["GET"]}}],"collection":[{"href":"https:\/\/blogdorogeriogomes.com.br\/noticias\/wp-json\/wp\/v2\/posts"}],"about":[{"href":"https:\/\/blogdorogeriogomes.com.br\/noticias\/wp-json\/wp\/v2\/types\/post"}],"author":[{"embeddable":true,"href":"https:\/\/blogdorogeriogomes.com.br\/noticias\/wp-json\/wp\/v2\/users\/1"}],"replies":[{"embeddable":true,"href":"https:\/\/blogdorogeriogomes.com.br\/noticias\/wp-json\/wp\/v2\/comments?post=14104"}],"version-history":[{"count":1,"href":"https:\/\/blogdorogeriogomes.com.br\/noticias\/wp-json\/wp\/v2\/posts\/14104\/revisions"}],"predecessor-version":[{"id":14106,"href":"https:\/\/blogdorogeriogomes.com.br\/noticias\/wp-json\/wp\/v2\/posts\/14104\/revisions\/14106"}],"wp:attachment":[{"href":"https:\/\/blogdorogeriogomes.com.br\/noticias\/wp-json\/wp\/v2\/media?parent=14104"}],"wp:term":[{"taxonomy":"category","embeddable":true,"href":"https:\/\/blogdorogeriogomes.com.br\/noticias\/wp-json\/wp\/v2\/categories?post=14104"},{"taxonomy":"post_tag","embeddable":true,"href":"https:\/\/blogdorogeriogomes.com.br\/noticias\/wp-json\/wp\/v2\/tags?post=14104"}],"curies":[{"name":"wp","href":"https:\/\/api.w.org\/{rel}","templated":true}]}}