{"id":14107,"date":"2019-10-01T23:05:08","date_gmt":"2019-10-01T23:05:08","guid":{"rendered":"http:\/\/blogdorogeriogomes.com.br\/?p=14107"},"modified":"2019-10-01T23:05:08","modified_gmt":"2019-10-01T23:05:08","slug":"prefeitura-de-fortaleza-inicia-processo-de-engorda-da-faixa-de-areia-da-avenida-beira-mar","status":"publish","type":"post","link":"https:\/\/blogdorogeriogomes.com.br\/noticias\/2019\/10\/prefeitura-de-fortaleza-inicia-processo-de-engorda-da-faixa-de-areia-da-avenida-beira-mar\/","title":{"rendered":"Prefeitura de Fortaleza inicia processo de engorda da faixa de areia da avenida Beira Mar"},"content":{"rendered":"<p><img loading=\"lazy\" decoding=\"async\" class=\"alignnone size-medium wp-image-14109\" src=\"http:\/\/blogdorogeriogomes.com.br\/wp-content\/uploads\/2019\/10\/images-2019-10-01T183746.210-300x168.jpeg\" alt=\"images - 2019-10-01T183746.210\" width=\"300\" height=\"168\" srcset=\"https:\/\/blogdorogeriogomes.com.br\/noticias\/wp-content\/uploads\/2019\/10\/images-2019-10-01T183746.210-300x168.jpeg 300w, https:\/\/blogdorogeriogomes.com.br\/noticias\/wp-content\/uploads\/2019\/10\/images-2019-10-01T183746.210.jpeg 739w\" sizes=\"auto, (max-width: 300px) 100vw, 300px\" \/><\/p>\n<p>A Prefeitura de Fortaleza iniciou o processo de engorda da faixa de areia da avenida Beira Mar. As interven\u00e7\u00f5es promovidas para a requalifica\u00e7\u00e3o da orla mar\u00edtima da Capital come\u00e7aram ap\u00f3s parecer t\u00e9cnico favor\u00e1vel do Minist\u00e9rio P\u00fablico Federal (MPF). A \u00e1rea de engorda equivale a 18 quarteir\u00f5es.<br \/>\nNo processo, a areia \u00e9 retirada do fundo do mar pelo navio belga da empresa Jan de Nul do Brasil Dragagem Ltda e armazenada em um reservat\u00f3rio. Depois, a embarca\u00e7\u00e3o se aproxima da costa, a cerca de 1,5 quil\u00f4metro, onde se conecta \u00e0 tubula\u00e7\u00e3o submersa e inicia o processo de despejo da areia armazenada dentro da draga at\u00e9 a faixa de praia.<br \/>\nA a\u00e7\u00e3o \u00e9 alvo de protesto de organiza\u00e7\u00f5es ambientais. Uma A\u00e7\u00e3o Civil P\u00fablica, ajuizada por tr\u00eas organiza\u00e7\u00f5es n\u00e3o-governamentais, pede a suspens\u00e3o das obras de requalifica\u00e7\u00e3o da Beira-Mar, alegando preju\u00edzos ambientais. A 2\u00aa Vara Federal no Cear\u00e1 deu um prazo de 10 dias para que o Munic\u00edpio esclare\u00e7a detalhes sobre a interven\u00e7\u00e3o.<\/p>\n","protected":false},"excerpt":{"rendered":"<p>A Prefeitura de Fortaleza iniciou o processo de engorda da faixa de areia da avenida Beira Mar. As interven\u00e7\u00f5es promovidas para a requalifica\u00e7\u00e3o da orla mar\u00edtima da Capital come\u00e7aram ap\u00f3s parecer t\u00e9cnico favor\u00e1vel do Minist\u00e9rio P\u00fablico Federal (MPF). A \u00e1rea de engorda equivale a 18 quarteir\u00f5es. No processo, a areia \u00e9 retirada do fundo do mar pelo navio belga da empresa Jan de Nul do Brasil Dragagem Ltda e armazenada em um reservat\u00f3rio. Depois, a embarca\u00e7\u00e3o se aproxima da&hellip;<\/p>\n","protected":false},"author":1,"featured_media":0,"comment_status":"open","ping_status":"open","sticky":false,"template":"","format":"standard","meta":{"footnotes":""},"categories":[1],"tags":[],"class_list":["post-14107","post","type-post","status-publish","format-standard","hentry","category-noticias"],"_links":{"self":[{"href":"https:\/\/blogdorogeriogomes.com.br\/noticias\/wp-json\/wp\/v2\/posts\/14107","targetHints":{"allow":["GET"]}}],"collection":[{"href":"https:\/\/blogdorogeriogomes.com.br\/noticias\/wp-json\/wp\/v2\/posts"}],"about":[{"href":"https:\/\/blogdorogeriogomes.com.br\/noticias\/wp-json\/wp\/v2\/types\/post"}],"author":[{"embeddable":true,"href":"https:\/\/blogdorogeriogomes.com.br\/noticias\/wp-json\/wp\/v2\/users\/1"}],"replies":[{"embeddable":true,"href":"https:\/\/blogdorogeriogomes.com.br\/noticias\/wp-json\/wp\/v2\/comments?post=14107"}],"version-history":[{"count":1,"href":"https:\/\/blogdorogeriogomes.com.br\/noticias\/wp-json\/wp\/v2\/posts\/14107\/revisions"}],"predecessor-version":[{"id":14110,"href":"https:\/\/blogdorogeriogomes.com.br\/noticias\/wp-json\/wp\/v2\/posts\/14107\/revisions\/14110"}],"wp:attachment":[{"href":"https:\/\/blogdorogeriogomes.com.br\/noticias\/wp-json\/wp\/v2\/media?parent=14107"}],"wp:term":[{"taxonomy":"category","embeddable":true,"href":"https:\/\/blogdorogeriogomes.com.br\/noticias\/wp-json\/wp\/v2\/categories?post=14107"},{"taxonomy":"post_tag","embeddable":true,"href":"https:\/\/blogdorogeriogomes.com.br\/noticias\/wp-json\/wp\/v2\/tags?post=14107"}],"curies":[{"name":"wp","href":"https:\/\/api.w.org\/{rel}","templated":true}]}}