{"id":14111,"date":"2019-10-02T08:51:55","date_gmt":"2019-10-02T08:51:55","guid":{"rendered":"http:\/\/blogdorogeriogomes.com.br\/?p=14111"},"modified":"2019-10-02T08:51:55","modified_gmt":"2019-10-02T08:51:55","slug":"senado-aprova-a-reforma-da-previdencia-em-plenario-no-primeiro-turno","status":"publish","type":"post","link":"https:\/\/blogdorogeriogomes.com.br\/noticias\/2019\/10\/senado-aprova-a-reforma-da-previdencia-em-plenario-no-primeiro-turno\/","title":{"rendered":"Senado aprova a reforma da Previd\u00eancia em plen\u00e1rio no primeiro turno"},"content":{"rendered":"<p><img loading=\"lazy\" decoding=\"async\" class=\"alignnone size-medium wp-image-14112\" src=\"http:\/\/blogdorogeriogomes.com.br\/wp-content\/uploads\/2019\/10\/images-2019-10-02T054626.206-300x199.jpeg\" alt=\"images - 2019-10-02T054626.206\" width=\"300\" height=\"199\" srcset=\"https:\/\/blogdorogeriogomes.com.br\/noticias\/wp-content\/uploads\/2019\/10\/images-2019-10-02T054626.206-300x199.jpeg 300w, https:\/\/blogdorogeriogomes.com.br\/noticias\/wp-content\/uploads\/2019\/10\/images-2019-10-02T054626.206.jpeg 680w\" sizes=\"auto, (max-width: 300px) 100vw, 300px\" \/><\/p>\n<p>Como j\u00e1 era esperado, o Senado Federal aprovou, na noite desta ter\u00e7a-feira, dia 1\u00b0 de outubro, por 56 votos contra 19, o relat\u00f3rio do senador Tasso Jereissati (PSDB) que muda as regras da aposentadoria. O texto segue na Casa para aprecia\u00e7\u00e3o em segundo turno. A expectativa \u00e9 que a mat\u00e9ria volte \u00e0 an\u00e1lise dos senadores no pr\u00f3ximo dia 15, daqui a duas semanas.<br \/>\nOs senadores aprovaram o mesmo texto que chegou da C\u00e2mara dos Deputados. Como se trata de uma Proposta de Emenda \u00e0 Constitui\u00e7\u00e3o (PEC), caso houvesse alguma altera\u00e7\u00e3o na mat\u00e9ria precisaria voltar para a Casa de origem para uma nova aprecia\u00e7\u00e3o dos deputados.<br \/>\nA vota\u00e7\u00e3o praticamente do mesmo texto fez parte de uma estrat\u00e9gia dos senadores para evitar o retorno da PEC para a C\u00e2mara. Novas regras que os senadores desejam implementar devem tramitar em uma proposta paralela que ainda ser\u00e1 votada no Parlamento.<\/p>\n","protected":false},"excerpt":{"rendered":"<p>Como j\u00e1 era esperado, o Senado Federal aprovou, na noite desta ter\u00e7a-feira, dia 1\u00b0 de outubro, por 56 votos contra 19, o relat\u00f3rio do senador Tasso Jereissati (PSDB) que muda as regras da aposentadoria. O texto segue na Casa para aprecia\u00e7\u00e3o em segundo turno. A expectativa \u00e9 que a mat\u00e9ria volte \u00e0 an\u00e1lise dos senadores no pr\u00f3ximo dia 15, daqui a duas semanas. Os senadores aprovaram o mesmo texto que chegou da C\u00e2mara dos Deputados. Como se trata de&hellip;<\/p>\n","protected":false},"author":1,"featured_media":0,"comment_status":"open","ping_status":"open","sticky":false,"template":"","format":"standard","meta":{"footnotes":""},"categories":[1],"tags":[],"class_list":["post-14111","post","type-post","status-publish","format-standard","hentry","category-noticias"],"_links":{"self":[{"href":"https:\/\/blogdorogeriogomes.com.br\/noticias\/wp-json\/wp\/v2\/posts\/14111","targetHints":{"allow":["GET"]}}],"collection":[{"href":"https:\/\/blogdorogeriogomes.com.br\/noticias\/wp-json\/wp\/v2\/posts"}],"about":[{"href":"https:\/\/blogdorogeriogomes.com.br\/noticias\/wp-json\/wp\/v2\/types\/post"}],"author":[{"embeddable":true,"href":"https:\/\/blogdorogeriogomes.com.br\/noticias\/wp-json\/wp\/v2\/users\/1"}],"replies":[{"embeddable":true,"href":"https:\/\/blogdorogeriogomes.com.br\/noticias\/wp-json\/wp\/v2\/comments?post=14111"}],"version-history":[{"count":1,"href":"https:\/\/blogdorogeriogomes.com.br\/noticias\/wp-json\/wp\/v2\/posts\/14111\/revisions"}],"predecessor-version":[{"id":14113,"href":"https:\/\/blogdorogeriogomes.com.br\/noticias\/wp-json\/wp\/v2\/posts\/14111\/revisions\/14113"}],"wp:attachment":[{"href":"https:\/\/blogdorogeriogomes.com.br\/noticias\/wp-json\/wp\/v2\/media?parent=14111"}],"wp:term":[{"taxonomy":"category","embeddable":true,"href":"https:\/\/blogdorogeriogomes.com.br\/noticias\/wp-json\/wp\/v2\/categories?post=14111"},{"taxonomy":"post_tag","embeddable":true,"href":"https:\/\/blogdorogeriogomes.com.br\/noticias\/wp-json\/wp\/v2\/tags?post=14111"}],"curies":[{"name":"wp","href":"https:\/\/api.w.org\/{rel}","templated":true}]}}