{"id":14114,"date":"2019-10-02T09:18:04","date_gmt":"2019-10-02T09:18:04","guid":{"rendered":"http:\/\/blogdorogeriogomes.com.br\/?p=14114"},"modified":"2019-10-02T09:18:04","modified_gmt":"2019-10-02T09:18:04","slug":"concurso-estadual-para-professores-sera-homologado-ainda-este-ano-diz-camilo","status":"publish","type":"post","link":"https:\/\/blogdorogeriogomes.com.br\/noticias\/2019\/10\/concurso-estadual-para-professores-sera-homologado-ainda-este-ano-diz-camilo\/","title":{"rendered":"Concurso estadual para professores ser\u00e1 homologado ainda este ano, diz Camilo"},"content":{"rendered":"<p><img loading=\"lazy\" decoding=\"async\" class=\"alignnone size-medium wp-image-14115\" src=\"http:\/\/blogdorogeriogomes.com.br\/wp-content\/uploads\/2019\/10\/ARI5236-1200x797-300x199.jpg\" alt=\"ARI5236-1200x797\" width=\"300\" height=\"199\" srcset=\"https:\/\/blogdorogeriogomes.com.br\/noticias\/wp-content\/uploads\/2019\/10\/ARI5236-1200x797-300x199.jpg 300w, https:\/\/blogdorogeriogomes.com.br\/noticias\/wp-content\/uploads\/2019\/10\/ARI5236-1200x797-768x510.jpg 768w, https:\/\/blogdorogeriogomes.com.br\/noticias\/wp-content\/uploads\/2019\/10\/ARI5236-1200x797-1024x680.jpg 1024w, https:\/\/blogdorogeriogomes.com.br\/noticias\/wp-content\/uploads\/2019\/10\/ARI5236-1200x797.jpg 1200w\" sizes=\"auto, (max-width: 300px) 100vw, 300px\" \/><\/p>\n<p>Professores vivem a expectativa pela homologa\u00e7\u00e3o do concurso promovido pelo Governo do Cear\u00e1 para a contrata\u00e7\u00e3o de 2.500 profissionais efetivos para a Secretaria da Educa\u00e7\u00e3o (Seduc). Nesta ter\u00e7a-feira, dia 1\u00b0 de outubro, o governador Camilo Santana voltou a afirmar que o certame ser\u00e1 homologado ainda este ano. O prazo de validade do concurso ser\u00e1 de dois anos a partir da homologa\u00e7\u00e3o do resultado final no Di\u00e1rio Oficial do Estado, podendo o Estado prorrogar por igual per\u00edodo, desde que n\u00e3o vencido o primeiro prazo.<br \/>\nCamilo Santana informou sobre o planejamento do Governo para novos processos seletivos. \u201cVou fazer ainda para a pol\u00edcia, para a \u00e1rea da sa\u00fade, Semace (Superintend\u00eancia Estadual do Meio Ambiente), Sefaz (Secretaria da Fazenda)\u201d, disse o governador.<\/p>\n","protected":false},"excerpt":{"rendered":"<p>Professores vivem a expectativa pela homologa\u00e7\u00e3o do concurso promovido pelo Governo do Cear\u00e1 para a contrata\u00e7\u00e3o de 2.500 profissionais efetivos para a Secretaria da Educa\u00e7\u00e3o (Seduc). Nesta ter\u00e7a-feira, dia 1\u00b0 de outubro, o governador Camilo Santana voltou a afirmar que o certame ser\u00e1 homologado ainda este ano. O prazo de validade do concurso ser\u00e1 de dois anos a partir da homologa\u00e7\u00e3o do resultado final no Di\u00e1rio Oficial do Estado, podendo o Estado prorrogar por igual per\u00edodo, desde que n\u00e3o&hellip;<\/p>\n","protected":false},"author":1,"featured_media":0,"comment_status":"open","ping_status":"open","sticky":false,"template":"","format":"standard","meta":{"footnotes":""},"categories":[1],"tags":[],"class_list":["post-14114","post","type-post","status-publish","format-standard","hentry","category-noticias"],"_links":{"self":[{"href":"https:\/\/blogdorogeriogomes.com.br\/noticias\/wp-json\/wp\/v2\/posts\/14114","targetHints":{"allow":["GET"]}}],"collection":[{"href":"https:\/\/blogdorogeriogomes.com.br\/noticias\/wp-json\/wp\/v2\/posts"}],"about":[{"href":"https:\/\/blogdorogeriogomes.com.br\/noticias\/wp-json\/wp\/v2\/types\/post"}],"author":[{"embeddable":true,"href":"https:\/\/blogdorogeriogomes.com.br\/noticias\/wp-json\/wp\/v2\/users\/1"}],"replies":[{"embeddable":true,"href":"https:\/\/blogdorogeriogomes.com.br\/noticias\/wp-json\/wp\/v2\/comments?post=14114"}],"version-history":[{"count":1,"href":"https:\/\/blogdorogeriogomes.com.br\/noticias\/wp-json\/wp\/v2\/posts\/14114\/revisions"}],"predecessor-version":[{"id":14116,"href":"https:\/\/blogdorogeriogomes.com.br\/noticias\/wp-json\/wp\/v2\/posts\/14114\/revisions\/14116"}],"wp:attachment":[{"href":"https:\/\/blogdorogeriogomes.com.br\/noticias\/wp-json\/wp\/v2\/media?parent=14114"}],"wp:term":[{"taxonomy":"category","embeddable":true,"href":"https:\/\/blogdorogeriogomes.com.br\/noticias\/wp-json\/wp\/v2\/categories?post=14114"},{"taxonomy":"post_tag","embeddable":true,"href":"https:\/\/blogdorogeriogomes.com.br\/noticias\/wp-json\/wp\/v2\/tags?post=14114"}],"curies":[{"name":"wp","href":"https:\/\/api.w.org\/{rel}","templated":true}]}}