{"id":14120,"date":"2019-10-02T21:31:28","date_gmt":"2019-10-02T21:31:28","guid":{"rendered":"http:\/\/blogdorogeriogomes.com.br\/?p=14120"},"modified":"2019-10-02T21:31:28","modified_gmt":"2019-10-02T21:31:28","slug":"stf-aprova-a-tese-que-pode-resultar-em-anulacao-de-sentencas-da-operacao-lava-jato","status":"publish","type":"post","link":"https:\/\/blogdorogeriogomes.com.br\/noticias\/2019\/10\/stf-aprova-a-tese-que-pode-resultar-em-anulacao-de-sentencas-da-operacao-lava-jato\/","title":{"rendered":"STF aprova a tese que pode resultar em anula\u00e7\u00e3o de senten\u00e7as da Opera\u00e7\u00e3o Lava Jato"},"content":{"rendered":"<p><img loading=\"lazy\" decoding=\"async\" class=\"alignnone size-medium wp-image-14122\" src=\"http:\/\/blogdorogeriogomes.com.br\/wp-content\/uploads\/2019\/10\/images-2019-10-02T182138.014-300x183.jpeg\" alt=\"images - 2019-10-02T182138.014\" width=\"300\" height=\"183\" srcset=\"https:\/\/blogdorogeriogomes.com.br\/noticias\/wp-content\/uploads\/2019\/10\/images-2019-10-02T182138.014-300x183.jpeg 300w, https:\/\/blogdorogeriogomes.com.br\/noticias\/wp-content\/uploads\/2019\/10\/images-2019-10-02T182138.014.jpeg 708w\" sizes=\"auto, (max-width: 300px) 100vw, 300px\" \/><\/p>\n<p>O Supremo Tribunal Federal concluiu nesta quarta-feira, dia 2 de outubro, a vota\u00e7\u00e3o que aprovou, por 7 votos a 4, a tese que pode resultar em anula\u00e7\u00e3o de senten\u00e7as da Opera\u00e7\u00e3o Lava Jato, inclusive o processo do s\u00edtio de Atibaia, que envolve o ex-presidente Lula.<br \/>\nOs ministros decidiram que r\u00e9us delatados devem apresentar as alega\u00e7\u00f5es finais depois dos r\u00e9us delatores. Votaram nesta quarta os ministros Marco Aur\u00e9lio Mello e o presidente da Corte, Dias Toffoli, os \u00fanicos que faltavam desde a sess\u00e3o da quinta-feira passada, quando a maioria j\u00e1 havia se formado com 6 a 3.<br \/>\nToffoli adiou para a sess\u00e3o desta quinta-feira, dia 3, o debate sobre se o STF vai impor um limite \u00e0 revis\u00e3o de condena\u00e7\u00f5es para evitar um efeito cascata na Lava Jato e em processos criminais que tamb\u00e9m tenham utilizado o depoimento de delatores<br \/>\nO julgamento trata especificamente do caso de M\u00e1rcio de Almeida Ferreira, ex-gerente da Petrobras, em raz\u00e3o da tese aberta no caso do ex-presidente da Petrobras e do Banco do Brasil, Aldemir Bendine, que teve sua senten\u00e7a anulada pela mesma Corte. Por se tratar de habeas corpus, n\u00e3o tem repercuss\u00e3o geral, mas dever\u00e1 servir de orienta\u00e7\u00e3o para todo o Judici\u00e1rio.<\/p>\n","protected":false},"excerpt":{"rendered":"<p>O Supremo Tribunal Federal concluiu nesta quarta-feira, dia 2 de outubro, a vota\u00e7\u00e3o que aprovou, por 7 votos a 4, a tese que pode resultar em anula\u00e7\u00e3o de senten\u00e7as da Opera\u00e7\u00e3o Lava Jato, inclusive o processo do s\u00edtio de Atibaia, que envolve o ex-presidente Lula. Os ministros decidiram que r\u00e9us delatados devem apresentar as alega\u00e7\u00f5es finais depois dos r\u00e9us delatores. Votaram nesta quarta os ministros Marco Aur\u00e9lio Mello e o presidente da Corte, Dias Toffoli, os \u00fanicos que faltavam&hellip;<\/p>\n","protected":false},"author":1,"featured_media":0,"comment_status":"open","ping_status":"open","sticky":false,"template":"","format":"standard","meta":{"footnotes":""},"categories":[1],"tags":[],"class_list":["post-14120","post","type-post","status-publish","format-standard","hentry","category-noticias"],"_links":{"self":[{"href":"https:\/\/blogdorogeriogomes.com.br\/noticias\/wp-json\/wp\/v2\/posts\/14120","targetHints":{"allow":["GET"]}}],"collection":[{"href":"https:\/\/blogdorogeriogomes.com.br\/noticias\/wp-json\/wp\/v2\/posts"}],"about":[{"href":"https:\/\/blogdorogeriogomes.com.br\/noticias\/wp-json\/wp\/v2\/types\/post"}],"author":[{"embeddable":true,"href":"https:\/\/blogdorogeriogomes.com.br\/noticias\/wp-json\/wp\/v2\/users\/1"}],"replies":[{"embeddable":true,"href":"https:\/\/blogdorogeriogomes.com.br\/noticias\/wp-json\/wp\/v2\/comments?post=14120"}],"version-history":[{"count":1,"href":"https:\/\/blogdorogeriogomes.com.br\/noticias\/wp-json\/wp\/v2\/posts\/14120\/revisions"}],"predecessor-version":[{"id":14123,"href":"https:\/\/blogdorogeriogomes.com.br\/noticias\/wp-json\/wp\/v2\/posts\/14120\/revisions\/14123"}],"wp:attachment":[{"href":"https:\/\/blogdorogeriogomes.com.br\/noticias\/wp-json\/wp\/v2\/media?parent=14120"}],"wp:term":[{"taxonomy":"category","embeddable":true,"href":"https:\/\/blogdorogeriogomes.com.br\/noticias\/wp-json\/wp\/v2\/categories?post=14120"},{"taxonomy":"post_tag","embeddable":true,"href":"https:\/\/blogdorogeriogomes.com.br\/noticias\/wp-json\/wp\/v2\/tags?post=14120"}],"curies":[{"name":"wp","href":"https:\/\/api.w.org\/{rel}","templated":true}]}}