{"id":14124,"date":"2019-10-03T09:49:43","date_gmt":"2019-10-03T09:49:43","guid":{"rendered":"http:\/\/blogdorogeriogomes.com.br\/?p=14124"},"modified":"2019-10-03T09:49:43","modified_gmt":"2019-10-03T09:49:43","slug":"ceara-empossa-mais-32-defensores-publicos-nesta-quinta-feira","status":"publish","type":"post","link":"https:\/\/blogdorogeriogomes.com.br\/noticias\/2019\/10\/ceara-empossa-mais-32-defensores-publicos-nesta-quinta-feira\/","title":{"rendered":"Cear\u00e1 empossa mais 32 defensores p\u00fablicos nesta quinta-feira"},"content":{"rendered":"<p><img loading=\"lazy\" decoding=\"async\" class=\"alignnone size-medium wp-image-14125\" src=\"http:\/\/blogdorogeriogomes.com.br\/wp-content\/uploads\/2019\/10\/images-2019-10-03T063732.545-300x200.jpeg\" alt=\"images - 2019-10-03T063732.545\" width=\"300\" height=\"200\" srcset=\"https:\/\/blogdorogeriogomes.com.br\/noticias\/wp-content\/uploads\/2019\/10\/images-2019-10-03T063732.545-300x200.jpeg 300w, https:\/\/blogdorogeriogomes.com.br\/noticias\/wp-content\/uploads\/2019\/10\/images-2019-10-03T063732.545.jpeg 678w\" sizes=\"auto, (max-width: 300px) 100vw, 300px\" \/><\/p>\n<p>O Cear\u00e1 passa a contar com 346 defensores p\u00fablicos. Nesta quinta-feira, dia 3 de outubro, tomam posse mais 32 novos profissionais, que v\u00e3o atuar na assist\u00eancia jur\u00eddica gratuita que atender\u00e1 57 munic\u00edpios. Cidades como Boa Viagem, Brejo Santo, Crate\u00fas, Granja, Ic\u00f3, Itapaj\u00e9, Mauriti, Momba\u00e7a, S\u00e3o Benedito, S\u00e3o Gon\u00e7alo do Amarante, Trairi e Vi\u00e7osa do Cear\u00e1 estavam sem qualquer assist\u00eancia de defensores p\u00fablicos e agora ter\u00e3o a presen\u00e7a do profissional.<br \/>\nCom a amplia\u00e7\u00e3o do quadro da Defensoria P\u00fablica no Cear\u00e1, a expectativa \u00e9 que mais pessoas sejam beneficiadas com atendimento. Em 2018, foram realizados 982.206 procedimentos jur\u00eddicos.<br \/>\nSegundo a defensora p\u00fablica geral do Estado, Mariana Lobo, a meta \u00e9 fazer com que todas as cidades cearenses com mais de 45 mil habitantes passem a ter um defensor p\u00fablico, ampliando a assist\u00eancia da Defensoria P\u00fablica para 77% da popula\u00e7\u00e3o do Cear\u00e1.<\/p>\n","protected":false},"excerpt":{"rendered":"<p>O Cear\u00e1 passa a contar com 346 defensores p\u00fablicos. Nesta quinta-feira, dia 3 de outubro, tomam posse mais 32 novos profissionais, que v\u00e3o atuar na assist\u00eancia jur\u00eddica gratuita que atender\u00e1 57 munic\u00edpios. Cidades como Boa Viagem, Brejo Santo, Crate\u00fas, Granja, Ic\u00f3, Itapaj\u00e9, Mauriti, Momba\u00e7a, S\u00e3o Benedito, S\u00e3o Gon\u00e7alo do Amarante, Trairi e Vi\u00e7osa do Cear\u00e1 estavam sem qualquer assist\u00eancia de defensores p\u00fablicos e agora ter\u00e3o a presen\u00e7a do profissional. Com a amplia\u00e7\u00e3o do quadro da Defensoria P\u00fablica no Cear\u00e1,&hellip;<\/p>\n","protected":false},"author":1,"featured_media":0,"comment_status":"open","ping_status":"open","sticky":false,"template":"","format":"standard","meta":{"footnotes":""},"categories":[1],"tags":[],"class_list":["post-14124","post","type-post","status-publish","format-standard","hentry","category-noticias"],"_links":{"self":[{"href":"https:\/\/blogdorogeriogomes.com.br\/noticias\/wp-json\/wp\/v2\/posts\/14124","targetHints":{"allow":["GET"]}}],"collection":[{"href":"https:\/\/blogdorogeriogomes.com.br\/noticias\/wp-json\/wp\/v2\/posts"}],"about":[{"href":"https:\/\/blogdorogeriogomes.com.br\/noticias\/wp-json\/wp\/v2\/types\/post"}],"author":[{"embeddable":true,"href":"https:\/\/blogdorogeriogomes.com.br\/noticias\/wp-json\/wp\/v2\/users\/1"}],"replies":[{"embeddable":true,"href":"https:\/\/blogdorogeriogomes.com.br\/noticias\/wp-json\/wp\/v2\/comments?post=14124"}],"version-history":[{"count":1,"href":"https:\/\/blogdorogeriogomes.com.br\/noticias\/wp-json\/wp\/v2\/posts\/14124\/revisions"}],"predecessor-version":[{"id":14126,"href":"https:\/\/blogdorogeriogomes.com.br\/noticias\/wp-json\/wp\/v2\/posts\/14124\/revisions\/14126"}],"wp:attachment":[{"href":"https:\/\/blogdorogeriogomes.com.br\/noticias\/wp-json\/wp\/v2\/media?parent=14124"}],"wp:term":[{"taxonomy":"category","embeddable":true,"href":"https:\/\/blogdorogeriogomes.com.br\/noticias\/wp-json\/wp\/v2\/categories?post=14124"},{"taxonomy":"post_tag","embeddable":true,"href":"https:\/\/blogdorogeriogomes.com.br\/noticias\/wp-json\/wp\/v2\/tags?post=14124"}],"curies":[{"name":"wp","href":"https:\/\/api.w.org\/{rel}","templated":true}]}}