{"id":14127,"date":"2019-10-03T10:13:50","date_gmt":"2019-10-03T10:13:50","guid":{"rendered":"http:\/\/blogdorogeriogomes.com.br\/?p=14127"},"modified":"2019-10-03T10:13:50","modified_gmt":"2019-10-03T10:13:50","slug":"paulo-guedes-tenta-recuperar-desidratacao-da-reforma-da-previdencia-revendo-distribuicao-de-recursos-do-pacto-federativo","status":"publish","type":"post","link":"https:\/\/blogdorogeriogomes.com.br\/noticias\/2019\/10\/paulo-guedes-tenta-recuperar-desidratacao-da-reforma-da-previdencia-revendo-distribuicao-de-recursos-do-pacto-federativo\/","title":{"rendered":"Paulo Guedes tenta recuperar desidrata\u00e7\u00e3o da reforma da Previd\u00eancia revendo distribui\u00e7\u00e3o de recursos do Pacto Federativo"},"content":{"rendered":"<p><img loading=\"lazy\" decoding=\"async\" class=\"alignnone size-medium wp-image-14129\" src=\"http:\/\/blogdorogeriogomes.com.br\/wp-content\/uploads\/2019\/10\/images-2019-10-03T070741.661-300x164.jpeg\" alt=\"images - 2019-10-03T070741.661\" width=\"300\" height=\"164\" srcset=\"https:\/\/blogdorogeriogomes.com.br\/noticias\/wp-content\/uploads\/2019\/10\/images-2019-10-03T070741.661-300x164.jpeg 300w, https:\/\/blogdorogeriogomes.com.br\/noticias\/wp-content\/uploads\/2019\/10\/images-2019-10-03T070741.661.jpeg 660w\" sizes=\"auto, (max-width: 300px) 100vw, 300px\" \/><\/p>\n<p>O ministro da Economia, Paulo Guedes, ficou furioso com a decis\u00e3o dos senadores em manter as regras atuais do pagamento do Abono Salarial para os trabalhadores. Segundo ele, o Senado Federal reduziu em R$ 133,2 bilh\u00f5es o impacto da reforma da Previd\u00eancia com a aprova\u00e7\u00e3o do destaque do abono salarial.<br \/>\nO texto da reforma da Previd\u00eancia aprovado na C\u00e2mara dos Deputados restringia o benef\u00edcio, no valor de um sal\u00e1rio m\u00ednimo (R$ 998), a quem recebe at\u00e9 R$ 1.364,43 por m\u00eas. Mas o Senado decidiu manter as regras atuais, que garantem o repasse a quem ganha at\u00e9 dois sal\u00e1rios m\u00ednimos (R$ 1.996).<br \/>\nDescontente com a desidrata\u00e7\u00e3o da reforma no Senado, Paulo Guedes decidiu rever o pacto federativo, conjunto de medidas que buscam destinar mais recursos para estados e munic\u00edpios e que incluem a distribui\u00e7\u00e3o de recursos do megaleil\u00e3o de petr\u00f3leo. \u00c9 uma forma de compensar as perdas com a vota\u00e7\u00e3o da reforma da Previd\u00eancia.<br \/>\nO enfraquecimento do pacote de medidas de interesse dos estados, no entanto, pode elevar ainda mais a tens\u00e3o entre o governo e o Senado. Uma das queixas de parlamentares \u00e9 que o pacto n\u00e3o tem avan\u00e7ado. O Governo Federal est\u00e1 no meio de uma disputa entre C\u00e2mara e Senado sobre o rateio de recursos do megaleil\u00e3o de petr\u00f3leo.<\/p>\n","protected":false},"excerpt":{"rendered":"<p>O ministro da Economia, Paulo Guedes, ficou furioso com a decis\u00e3o dos senadores em manter as regras atuais do pagamento do Abono Salarial para os trabalhadores. Segundo ele, o Senado Federal reduziu em R$ 133,2 bilh\u00f5es o impacto da reforma da Previd\u00eancia com a aprova\u00e7\u00e3o do destaque do abono salarial. O texto da reforma da Previd\u00eancia aprovado na C\u00e2mara dos Deputados restringia o benef\u00edcio, no valor de um sal\u00e1rio m\u00ednimo (R$ 998), a quem recebe at\u00e9 R$ 1.364,43 por&hellip;<\/p>\n","protected":false},"author":1,"featured_media":0,"comment_status":"open","ping_status":"open","sticky":false,"template":"","format":"standard","meta":{"footnotes":""},"categories":[1],"tags":[],"class_list":["post-14127","post","type-post","status-publish","format-standard","hentry","category-noticias"],"_links":{"self":[{"href":"https:\/\/blogdorogeriogomes.com.br\/noticias\/wp-json\/wp\/v2\/posts\/14127","targetHints":{"allow":["GET"]}}],"collection":[{"href":"https:\/\/blogdorogeriogomes.com.br\/noticias\/wp-json\/wp\/v2\/posts"}],"about":[{"href":"https:\/\/blogdorogeriogomes.com.br\/noticias\/wp-json\/wp\/v2\/types\/post"}],"author":[{"embeddable":true,"href":"https:\/\/blogdorogeriogomes.com.br\/noticias\/wp-json\/wp\/v2\/users\/1"}],"replies":[{"embeddable":true,"href":"https:\/\/blogdorogeriogomes.com.br\/noticias\/wp-json\/wp\/v2\/comments?post=14127"}],"version-history":[{"count":1,"href":"https:\/\/blogdorogeriogomes.com.br\/noticias\/wp-json\/wp\/v2\/posts\/14127\/revisions"}],"predecessor-version":[{"id":14130,"href":"https:\/\/blogdorogeriogomes.com.br\/noticias\/wp-json\/wp\/v2\/posts\/14127\/revisions\/14130"}],"wp:attachment":[{"href":"https:\/\/blogdorogeriogomes.com.br\/noticias\/wp-json\/wp\/v2\/media?parent=14127"}],"wp:term":[{"taxonomy":"category","embeddable":true,"href":"https:\/\/blogdorogeriogomes.com.br\/noticias\/wp-json\/wp\/v2\/categories?post=14127"},{"taxonomy":"post_tag","embeddable":true,"href":"https:\/\/blogdorogeriogomes.com.br\/noticias\/wp-json\/wp\/v2\/tags?post=14127"}],"curies":[{"name":"wp","href":"https:\/\/api.w.org\/{rel}","templated":true}]}}