{"id":14131,"date":"2019-10-03T21:48:26","date_gmt":"2019-10-03T21:48:26","guid":{"rendered":"http:\/\/blogdorogeriogomes.com.br\/?p=14131"},"modified":"2019-10-03T21:48:26","modified_gmt":"2019-10-03T21:48:26","slug":"voo-madrifortaleza-e-lancado-oficialmente-na-capital-espanhola","status":"publish","type":"post","link":"https:\/\/blogdorogeriogomes.com.br\/noticias\/2019\/10\/voo-madrifortaleza-e-lancado-oficialmente-na-capital-espanhola\/","title":{"rendered":"Voo Madri\/Fortaleza \u00e9 lan\u00e7ado oficialmente na capital espanhola"},"content":{"rendered":"<p><img loading=\"lazy\" decoding=\"async\" class=\"alignnone size-medium wp-image-14132\" src=\"http:\/\/blogdorogeriogomes.com.br\/wp-content\/uploads\/2019\/10\/IMG_0225-1200x800-300x200.jpg\" alt=\"IMG_0225-1200x800\" width=\"300\" height=\"200\" srcset=\"https:\/\/blogdorogeriogomes.com.br\/noticias\/wp-content\/uploads\/2019\/10\/IMG_0225-1200x800-300x200.jpg 300w, https:\/\/blogdorogeriogomes.com.br\/noticias\/wp-content\/uploads\/2019\/10\/IMG_0225-1200x800-768x512.jpg 768w, https:\/\/blogdorogeriogomes.com.br\/noticias\/wp-content\/uploads\/2019\/10\/IMG_0225-1200x800-1024x683.jpg 1024w, https:\/\/blogdorogeriogomes.com.br\/noticias\/wp-content\/uploads\/2019\/10\/IMG_0225-1200x800.jpg 1200w\" sizes=\"auto, (max-width: 300px) 100vw, 300px\" \/><\/p>\n<p>O Cear\u00e1 foi apresentado oficialmente como novo destino da Air Europa nesta quinta-feira, dia 3 de outubro, em Madri, na Espanha. Agentes, operadores e jornalistas espanh\u00f3is puderam conhecer os principais atrativos do Estado, que passar\u00e1 a ter voo direto vindo de Madri, a partir de 20 de dezembro.<br \/>\nA partir de dezembro, ser\u00e3o duas frequ\u00eancias semanais. Em junho, a companhia passar\u00e1 a ofertar a terceira. A expectativa \u00e9 que o voo mantenha 85% de ocupa\u00e7\u00e3o. Al\u00e9m de Madri, mais de 20 cidades da Europa v\u00e3o estar conectadas a esse voo, com conex\u00f5es de cerca de uma hora e meia. Londres, Frankfurt e Barcelona s\u00e3o algumas dessas cidades.<\/p>\n","protected":false},"excerpt":{"rendered":"<p>O Cear\u00e1 foi apresentado oficialmente como novo destino da Air Europa nesta quinta-feira, dia 3 de outubro, em Madri, na Espanha. Agentes, operadores e jornalistas espanh\u00f3is puderam conhecer os principais atrativos do Estado, que passar\u00e1 a ter voo direto vindo de Madri, a partir de 20 de dezembro. A partir de dezembro, ser\u00e3o duas frequ\u00eancias semanais. Em junho, a companhia passar\u00e1 a ofertar a terceira. A expectativa \u00e9 que o voo mantenha 85% de ocupa\u00e7\u00e3o. Al\u00e9m de Madri, mais&hellip;<\/p>\n","protected":false},"author":1,"featured_media":0,"comment_status":"open","ping_status":"open","sticky":false,"template":"","format":"standard","meta":{"footnotes":""},"categories":[1],"tags":[],"class_list":["post-14131","post","type-post","status-publish","format-standard","hentry","category-noticias"],"_links":{"self":[{"href":"https:\/\/blogdorogeriogomes.com.br\/noticias\/wp-json\/wp\/v2\/posts\/14131","targetHints":{"allow":["GET"]}}],"collection":[{"href":"https:\/\/blogdorogeriogomes.com.br\/noticias\/wp-json\/wp\/v2\/posts"}],"about":[{"href":"https:\/\/blogdorogeriogomes.com.br\/noticias\/wp-json\/wp\/v2\/types\/post"}],"author":[{"embeddable":true,"href":"https:\/\/blogdorogeriogomes.com.br\/noticias\/wp-json\/wp\/v2\/users\/1"}],"replies":[{"embeddable":true,"href":"https:\/\/blogdorogeriogomes.com.br\/noticias\/wp-json\/wp\/v2\/comments?post=14131"}],"version-history":[{"count":1,"href":"https:\/\/blogdorogeriogomes.com.br\/noticias\/wp-json\/wp\/v2\/posts\/14131\/revisions"}],"predecessor-version":[{"id":14133,"href":"https:\/\/blogdorogeriogomes.com.br\/noticias\/wp-json\/wp\/v2\/posts\/14131\/revisions\/14133"}],"wp:attachment":[{"href":"https:\/\/blogdorogeriogomes.com.br\/noticias\/wp-json\/wp\/v2\/media?parent=14131"}],"wp:term":[{"taxonomy":"category","embeddable":true,"href":"https:\/\/blogdorogeriogomes.com.br\/noticias\/wp-json\/wp\/v2\/categories?post=14131"},{"taxonomy":"post_tag","embeddable":true,"href":"https:\/\/blogdorogeriogomes.com.br\/noticias\/wp-json\/wp\/v2\/tags?post=14131"}],"curies":[{"name":"wp","href":"https:\/\/api.w.org\/{rel}","templated":true}]}}