{"id":14134,"date":"2019-10-03T22:14:31","date_gmt":"2019-10-03T22:14:31","guid":{"rendered":"http:\/\/blogdorogeriogomes.com.br\/?p=14134"},"modified":"2019-10-03T22:14:31","modified_gmt":"2019-10-03T22:14:31","slug":"camilo-santana-esclarece-a-adesao-do-ceara-ao-programa-de-escolas-militares","status":"publish","type":"post","link":"https:\/\/blogdorogeriogomes.com.br\/noticias\/2019\/10\/camilo-santana-esclarece-a-adesao-do-ceara-ao-programa-de-escolas-militares\/","title":{"rendered":"Camilo Santana esclarece a ades\u00e3o do Cear\u00e1 ao programa de escolas militares"},"content":{"rendered":"<p><img loading=\"lazy\" decoding=\"async\" class=\"alignnone size-medium wp-image-14135\" src=\"http:\/\/blogdorogeriogomes.com.br\/wp-content\/uploads\/2019\/10\/images-2019-10-03T190611.633-300x168.jpeg\" alt=\"images - 2019-10-03T190611.633\" width=\"300\" height=\"168\" srcset=\"https:\/\/blogdorogeriogomes.com.br\/noticias\/wp-content\/uploads\/2019\/10\/images-2019-10-03T190611.633-300x168.jpeg 300w, https:\/\/blogdorogeriogomes.com.br\/noticias\/wp-content\/uploads\/2019\/10\/images-2019-10-03T190611.633.jpeg 739w\" sizes=\"auto, (max-width: 300px) 100vw, 300px\" \/><\/p>\n<p>A ades\u00e3o do Cear\u00e1 ao Programa Nacional de Escolas C\u00edvico-Militares, uma das bandeiras de Jair Bolsonaro em 2018, foi anunciada pelo ministro da Educa\u00e7\u00e3o, Abraham Weintraub com certo entusiasmo e, segundo o pr\u00f3prio, surpreendeu o MEC. O Cear\u00e1 foi o \u00fanico estado do Nordeste a aderir ao plano. O governador Camilo Santana, no entanto, esclareceu que o Cear\u00e1 n\u00e3o aderiu a nenhum novo modelo de ensino ao aceitar recursos federais para a constru\u00e7\u00e3o de escolas militares. Ele ainda destacou que o Estado \u00e9 refer\u00eancia em mat\u00e9ria de educa\u00e7\u00e3o.<br \/>\n\u201cQuero deixar bem claro que o Cear\u00e1 n\u00e3o aderiu a nenhum novo modelo de educa\u00e7\u00e3o, mas a um programa que prev\u00ea recursos federais para a constru\u00e7\u00e3o de duas unidades de ensino. Ali\u00e1s, o Cear\u00e1 j\u00e1 possui tr\u00eas escolas militares, duas da PM e uma dos Bombeiros, num universo de 728 escolas estaduais, sendo 252 de tempo integral\u201d, declarou o governador cearense.<\/p>\n","protected":false},"excerpt":{"rendered":"<p>A ades\u00e3o do Cear\u00e1 ao Programa Nacional de Escolas C\u00edvico-Militares, uma das bandeiras de Jair Bolsonaro em 2018, foi anunciada pelo ministro da Educa\u00e7\u00e3o, Abraham Weintraub com certo entusiasmo e, segundo o pr\u00f3prio, surpreendeu o MEC. O Cear\u00e1 foi o \u00fanico estado do Nordeste a aderir ao plano. O governador Camilo Santana, no entanto, esclareceu que o Cear\u00e1 n\u00e3o aderiu a nenhum novo modelo de ensino ao aceitar recursos federais para a constru\u00e7\u00e3o de escolas militares. Ele ainda destacou&hellip;<\/p>\n","protected":false},"author":1,"featured_media":0,"comment_status":"open","ping_status":"open","sticky":false,"template":"","format":"standard","meta":{"footnotes":""},"categories":[1],"tags":[],"class_list":["post-14134","post","type-post","status-publish","format-standard","hentry","category-noticias"],"_links":{"self":[{"href":"https:\/\/blogdorogeriogomes.com.br\/noticias\/wp-json\/wp\/v2\/posts\/14134","targetHints":{"allow":["GET"]}}],"collection":[{"href":"https:\/\/blogdorogeriogomes.com.br\/noticias\/wp-json\/wp\/v2\/posts"}],"about":[{"href":"https:\/\/blogdorogeriogomes.com.br\/noticias\/wp-json\/wp\/v2\/types\/post"}],"author":[{"embeddable":true,"href":"https:\/\/blogdorogeriogomes.com.br\/noticias\/wp-json\/wp\/v2\/users\/1"}],"replies":[{"embeddable":true,"href":"https:\/\/blogdorogeriogomes.com.br\/noticias\/wp-json\/wp\/v2\/comments?post=14134"}],"version-history":[{"count":1,"href":"https:\/\/blogdorogeriogomes.com.br\/noticias\/wp-json\/wp\/v2\/posts\/14134\/revisions"}],"predecessor-version":[{"id":14136,"href":"https:\/\/blogdorogeriogomes.com.br\/noticias\/wp-json\/wp\/v2\/posts\/14134\/revisions\/14136"}],"wp:attachment":[{"href":"https:\/\/blogdorogeriogomes.com.br\/noticias\/wp-json\/wp\/v2\/media?parent=14134"}],"wp:term":[{"taxonomy":"category","embeddable":true,"href":"https:\/\/blogdorogeriogomes.com.br\/noticias\/wp-json\/wp\/v2\/categories?post=14134"},{"taxonomy":"post_tag","embeddable":true,"href":"https:\/\/blogdorogeriogomes.com.br\/noticias\/wp-json\/wp\/v2\/tags?post=14134"}],"curies":[{"name":"wp","href":"https:\/\/api.w.org\/{rel}","templated":true}]}}