{"id":14137,"date":"2019-10-04T08:31:46","date_gmt":"2019-10-04T08:31:46","guid":{"rendered":"http:\/\/blogdorogeriogomes.com.br\/?p=14137"},"modified":"2019-10-04T08:31:46","modified_gmt":"2019-10-04T08:31:46","slug":"ministro-do-stf-ricardo-lewandowski-participa-de-debate-na-al-nesta-sexta-feira","status":"publish","type":"post","link":"https:\/\/blogdorogeriogomes.com.br\/noticias\/2019\/10\/ministro-do-stf-ricardo-lewandowski-participa-de-debate-na-al-nesta-sexta-feira\/","title":{"rendered":"Ministro do STF Ricardo Lewandowski participa de debate na AL nesta sexta-feira"},"content":{"rendered":"<p><img loading=\"lazy\" decoding=\"async\" class=\"alignnone size-medium wp-image-14138\" src=\"http:\/\/blogdorogeriogomes.com.br\/wp-content\/uploads\/2019\/10\/images-2019-10-04T052512.478-300x198.jpeg\" alt=\"images - 2019-10-04T052512.478\" width=\"300\" height=\"198\" srcset=\"https:\/\/blogdorogeriogomes.com.br\/noticias\/wp-content\/uploads\/2019\/10\/images-2019-10-04T052512.478-300x198.jpeg 300w, https:\/\/blogdorogeriogomes.com.br\/noticias\/wp-content\/uploads\/2019\/10\/images-2019-10-04T052512.478.jpeg 681w\" sizes=\"auto, (max-width: 300px) 100vw, 300px\" \/><\/p>\n<p>A Constitui\u00e7\u00e3o Estadual do Cear\u00e1 completa 30 anos em 2019. Para celebrar e destacar a import\u00e2ncia da elabora\u00e7\u00e3o desse conjunto de leis que norteia o funcionamento do Estado, a Assembleia Legislativa do Cear\u00e1 apresenta uma s\u00e9rie de atividades e produ\u00e7\u00f5es especiais em outubro. E um dos eventos para este m\u00eas \u00e9 o I Semin\u00e1rio de Direito Constitucional, que ter\u00e1 a presen\u00e7a do ministro do Supremo Tribunal Federal (STF), Ricardo Lewandowski, nesta sexta-feira, dia 4 de outubro.<br \/>\nNa segunda-feira, dia 7, \u00e0s 15 horas, no audit\u00f3rio Murilo Aguiar, haver\u00e1 debate reunindo na mesma mesa o ex-governador Ciro Gomes (PDT) e o senador Tasso Jereissati (PSDB). O jornalista Kennedy Alencar tamb\u00e9m far\u00e1 parte do encontro. O debate ser\u00e1 aberto ao p\u00fablico.<\/p>\n","protected":false},"excerpt":{"rendered":"<p>A Constitui\u00e7\u00e3o Estadual do Cear\u00e1 completa 30 anos em 2019. Para celebrar e destacar a import\u00e2ncia da elabora\u00e7\u00e3o desse conjunto de leis que norteia o funcionamento do Estado, a Assembleia Legislativa do Cear\u00e1 apresenta uma s\u00e9rie de atividades e produ\u00e7\u00f5es especiais em outubro. E um dos eventos para este m\u00eas \u00e9 o I Semin\u00e1rio de Direito Constitucional, que ter\u00e1 a presen\u00e7a do ministro do Supremo Tribunal Federal (STF), Ricardo Lewandowski, nesta sexta-feira, dia 4 de outubro. Na segunda-feira, dia&hellip;<\/p>\n","protected":false},"author":1,"featured_media":0,"comment_status":"open","ping_status":"open","sticky":false,"template":"","format":"standard","meta":{"footnotes":""},"categories":[1],"tags":[],"class_list":["post-14137","post","type-post","status-publish","format-standard","hentry","category-noticias"],"_links":{"self":[{"href":"https:\/\/blogdorogeriogomes.com.br\/noticias\/wp-json\/wp\/v2\/posts\/14137","targetHints":{"allow":["GET"]}}],"collection":[{"href":"https:\/\/blogdorogeriogomes.com.br\/noticias\/wp-json\/wp\/v2\/posts"}],"about":[{"href":"https:\/\/blogdorogeriogomes.com.br\/noticias\/wp-json\/wp\/v2\/types\/post"}],"author":[{"embeddable":true,"href":"https:\/\/blogdorogeriogomes.com.br\/noticias\/wp-json\/wp\/v2\/users\/1"}],"replies":[{"embeddable":true,"href":"https:\/\/blogdorogeriogomes.com.br\/noticias\/wp-json\/wp\/v2\/comments?post=14137"}],"version-history":[{"count":1,"href":"https:\/\/blogdorogeriogomes.com.br\/noticias\/wp-json\/wp\/v2\/posts\/14137\/revisions"}],"predecessor-version":[{"id":14139,"href":"https:\/\/blogdorogeriogomes.com.br\/noticias\/wp-json\/wp\/v2\/posts\/14137\/revisions\/14139"}],"wp:attachment":[{"href":"https:\/\/blogdorogeriogomes.com.br\/noticias\/wp-json\/wp\/v2\/media?parent=14137"}],"wp:term":[{"taxonomy":"category","embeddable":true,"href":"https:\/\/blogdorogeriogomes.com.br\/noticias\/wp-json\/wp\/v2\/categories?post=14137"},{"taxonomy":"post_tag","embeddable":true,"href":"https:\/\/blogdorogeriogomes.com.br\/noticias\/wp-json\/wp\/v2\/tags?post=14137"}],"curies":[{"name":"wp","href":"https:\/\/api.w.org\/{rel}","templated":true}]}}