{"id":14140,"date":"2019-10-04T08:50:00","date_gmt":"2019-10-04T08:50:00","guid":{"rendered":"http:\/\/blogdorogeriogomes.com.br\/?p=14140"},"modified":"2019-10-04T08:50:00","modified_gmt":"2019-10-04T08:50:00","slug":"deputados-estaduais-aprovam-a-prorrogacao-de-contratos-de-profissionais-do-sistema-socioeducativo","status":"publish","type":"post","link":"https:\/\/blogdorogeriogomes.com.br\/noticias\/2019\/10\/deputados-estaduais-aprovam-a-prorrogacao-de-contratos-de-profissionais-do-sistema-socioeducativo\/","title":{"rendered":"Deputados estaduais aprovam a prorroga\u00e7\u00e3o de contratos de profissionais do sistema socioeducativo"},"content":{"rendered":"<p><img loading=\"lazy\" decoding=\"async\" class=\"alignnone size-medium wp-image-14142\" src=\"http:\/\/blogdorogeriogomes.com.br\/wp-content\/uploads\/2019\/10\/c018c5ca79045984d38142c22f76fc30_XL-300x200.jpg\" alt=\"c018c5ca79045984d38142c22f76fc30_XL\" width=\"300\" height=\"200\" srcset=\"https:\/\/blogdorogeriogomes.com.br\/noticias\/wp-content\/uploads\/2019\/10\/c018c5ca79045984d38142c22f76fc30_XL-300x200.jpg 300w, https:\/\/blogdorogeriogomes.com.br\/noticias\/wp-content\/uploads\/2019\/10\/c018c5ca79045984d38142c22f76fc30_XL-768x512.jpg 768w, https:\/\/blogdorogeriogomes.com.br\/noticias\/wp-content\/uploads\/2019\/10\/c018c5ca79045984d38142c22f76fc30_XL.jpg 900w\" sizes=\"auto, (max-width: 300px) 100vw, 300px\" \/><\/p>\n<p>Deputados estaduais aprovaram, nesta quinta-feira, dia 3 de outubro, a Proposta de Emenda \u00e0 Constitui\u00e7\u00e3o (PEC) que prorroga por mais um ano os contratos dos profissionais do sistema socioeducativo. Ao todo, 900 profissionais, entre agentes socioeducadores, psic\u00f3logos e assistentes sociais ser\u00e3o beneficiados. O l\u00edder do Governo, J\u00falio C\u00e9sar Filho, do Cidadania, afirmou que a prorroga\u00e7\u00e3o \u00e9 necess\u00e1ria enquanto o Estado prepara um concurso p\u00fablico para o setor em 2020.<br \/>\n&#8220;Os contratos v\u00e3o se vencer a partir do dia 10 de outubro e a\u00ed, se os contratos se vencessem, a gente teria que fazer uma nova sele\u00e7\u00e3o p\u00fablica, que demanda tempo. Ent\u00e3o a gente est\u00e1 autorizando o Estado a prorrogar os contratos por 12 meses, para n\u00e3o interromper o servi\u00e7o e o Governo pretende em 2020 lan\u00e7ar concurso para cargos efetivos&#8221;, destacou o l\u00edder do Governo.<\/p>\n","protected":false},"excerpt":{"rendered":"<p>Deputados estaduais aprovaram, nesta quinta-feira, dia 3 de outubro, a Proposta de Emenda \u00e0 Constitui\u00e7\u00e3o (PEC) que prorroga por mais um ano os contratos dos profissionais do sistema socioeducativo. Ao todo, 900 profissionais, entre agentes socioeducadores, psic\u00f3logos e assistentes sociais ser\u00e3o beneficiados. O l\u00edder do Governo, J\u00falio C\u00e9sar Filho, do Cidadania, afirmou que a prorroga\u00e7\u00e3o \u00e9 necess\u00e1ria enquanto o Estado prepara um concurso p\u00fablico para o setor em 2020. &#8220;Os contratos v\u00e3o se vencer a partir do dia 10&hellip;<\/p>\n","protected":false},"author":1,"featured_media":0,"comment_status":"open","ping_status":"open","sticky":false,"template":"","format":"standard","meta":{"footnotes":""},"categories":[1],"tags":[],"class_list":["post-14140","post","type-post","status-publish","format-standard","hentry","category-noticias"],"_links":{"self":[{"href":"https:\/\/blogdorogeriogomes.com.br\/noticias\/wp-json\/wp\/v2\/posts\/14140","targetHints":{"allow":["GET"]}}],"collection":[{"href":"https:\/\/blogdorogeriogomes.com.br\/noticias\/wp-json\/wp\/v2\/posts"}],"about":[{"href":"https:\/\/blogdorogeriogomes.com.br\/noticias\/wp-json\/wp\/v2\/types\/post"}],"author":[{"embeddable":true,"href":"https:\/\/blogdorogeriogomes.com.br\/noticias\/wp-json\/wp\/v2\/users\/1"}],"replies":[{"embeddable":true,"href":"https:\/\/blogdorogeriogomes.com.br\/noticias\/wp-json\/wp\/v2\/comments?post=14140"}],"version-history":[{"count":1,"href":"https:\/\/blogdorogeriogomes.com.br\/noticias\/wp-json\/wp\/v2\/posts\/14140\/revisions"}],"predecessor-version":[{"id":14143,"href":"https:\/\/blogdorogeriogomes.com.br\/noticias\/wp-json\/wp\/v2\/posts\/14140\/revisions\/14143"}],"wp:attachment":[{"href":"https:\/\/blogdorogeriogomes.com.br\/noticias\/wp-json\/wp\/v2\/media?parent=14140"}],"wp:term":[{"taxonomy":"category","embeddable":true,"href":"https:\/\/blogdorogeriogomes.com.br\/noticias\/wp-json\/wp\/v2\/categories?post=14140"},{"taxonomy":"post_tag","embeddable":true,"href":"https:\/\/blogdorogeriogomes.com.br\/noticias\/wp-json\/wp\/v2\/tags?post=14140"}],"curies":[{"name":"wp","href":"https:\/\/api.w.org\/{rel}","templated":true}]}}