{"id":14144,"date":"2019-10-04T13:00:01","date_gmt":"2019-10-04T13:00:01","guid":{"rendered":"http:\/\/blogdorogeriogomes.com.br\/?p=14144"},"modified":"2019-10-04T13:00:01","modified_gmt":"2019-10-04T13:00:01","slug":"policia-federal-indicia-o-ministro-do-turismo-no-esquema-de-laranjas-do-psl","status":"publish","type":"post","link":"https:\/\/blogdorogeriogomes.com.br\/noticias\/2019\/10\/policia-federal-indicia-o-ministro-do-turismo-no-esquema-de-laranjas-do-psl\/","title":{"rendered":"Pol\u00edcia Federal indicia o ministro do Turismo no esquema de laranjas do PSL"},"content":{"rendered":"<p><img loading=\"lazy\" decoding=\"async\" class=\"alignnone size-medium wp-image-14145\" src=\"http:\/\/blogdorogeriogomes.com.br\/wp-content\/uploads\/2019\/10\/images-2019-10-04T095544.606-300x200.jpeg\" alt=\"images - 2019-10-04T095544.606\" width=\"300\" height=\"200\" srcset=\"https:\/\/blogdorogeriogomes.com.br\/noticias\/wp-content\/uploads\/2019\/10\/images-2019-10-04T095544.606-300x200.jpeg 300w, https:\/\/blogdorogeriogomes.com.br\/noticias\/wp-content\/uploads\/2019\/10\/images-2019-10-04T095544.606.jpeg 678w\" sizes=\"auto, (max-width: 300px) 100vw, 300px\" \/><\/p>\n<p>A Pol\u00edcia Federal indiciou o ministro do Turismo, Marcelo \u00c1lvaro Ant\u00f4nio (PSL), sob suspeita de envolvimento no esquema de laranjas do PSL. A investiga\u00e7\u00e3o policial concluiu que o ministro comandou esquema de desvio de recursos p\u00fablicos por meio de candidaturas femininas de fachada nas \u00faltimas elei\u00e7\u00f5es.<br \/>\n\u00c1lvaro Ant\u00f4nio foi indiciado nesta semana sob suspeita dos crimes de falsidade ideol\u00f3gica eleitoral, apropria\u00e7\u00e3o ind\u00e9bita de recurso eleitoral e associa\u00e7\u00e3o criminosa, com pena de cinco, seis e tr\u00eas anos de cadeia, respectivamente.<br \/>\nO presidente Jair Bolsonaro tem dito que esperaria as conclus\u00f5es da PF para definir o futuro do seu ministro, que tem negado irregularidades.<\/p>\n","protected":false},"excerpt":{"rendered":"<p>A Pol\u00edcia Federal indiciou o ministro do Turismo, Marcelo \u00c1lvaro Ant\u00f4nio (PSL), sob suspeita de envolvimento no esquema de laranjas do PSL. A investiga\u00e7\u00e3o policial concluiu que o ministro comandou esquema de desvio de recursos p\u00fablicos por meio de candidaturas femininas de fachada nas \u00faltimas elei\u00e7\u00f5es. \u00c1lvaro Ant\u00f4nio foi indiciado nesta semana sob suspeita dos crimes de falsidade ideol\u00f3gica eleitoral, apropria\u00e7\u00e3o ind\u00e9bita de recurso eleitoral e associa\u00e7\u00e3o criminosa, com pena de cinco, seis e tr\u00eas anos de cadeia, respectivamente.&hellip;<\/p>\n","protected":false},"author":1,"featured_media":0,"comment_status":"open","ping_status":"open","sticky":false,"template":"","format":"standard","meta":{"footnotes":""},"categories":[1],"tags":[],"class_list":["post-14144","post","type-post","status-publish","format-standard","hentry","category-noticias"],"_links":{"self":[{"href":"https:\/\/blogdorogeriogomes.com.br\/noticias\/wp-json\/wp\/v2\/posts\/14144","targetHints":{"allow":["GET"]}}],"collection":[{"href":"https:\/\/blogdorogeriogomes.com.br\/noticias\/wp-json\/wp\/v2\/posts"}],"about":[{"href":"https:\/\/blogdorogeriogomes.com.br\/noticias\/wp-json\/wp\/v2\/types\/post"}],"author":[{"embeddable":true,"href":"https:\/\/blogdorogeriogomes.com.br\/noticias\/wp-json\/wp\/v2\/users\/1"}],"replies":[{"embeddable":true,"href":"https:\/\/blogdorogeriogomes.com.br\/noticias\/wp-json\/wp\/v2\/comments?post=14144"}],"version-history":[{"count":1,"href":"https:\/\/blogdorogeriogomes.com.br\/noticias\/wp-json\/wp\/v2\/posts\/14144\/revisions"}],"predecessor-version":[{"id":14146,"href":"https:\/\/blogdorogeriogomes.com.br\/noticias\/wp-json\/wp\/v2\/posts\/14144\/revisions\/14146"}],"wp:attachment":[{"href":"https:\/\/blogdorogeriogomes.com.br\/noticias\/wp-json\/wp\/v2\/media?parent=14144"}],"wp:term":[{"taxonomy":"category","embeddable":true,"href":"https:\/\/blogdorogeriogomes.com.br\/noticias\/wp-json\/wp\/v2\/categories?post=14144"},{"taxonomy":"post_tag","embeddable":true,"href":"https:\/\/blogdorogeriogomes.com.br\/noticias\/wp-json\/wp\/v2\/tags?post=14144"}],"curies":[{"name":"wp","href":"https:\/\/api.w.org\/{rel}","templated":true}]}}