{"id":14151,"date":"2019-10-07T08:47:10","date_gmt":"2019-10-07T08:47:10","guid":{"rendered":"http:\/\/blogdorogeriogomes.com.br\/?p=14151"},"modified":"2019-10-07T08:47:10","modified_gmt":"2019-10-07T08:47:10","slug":"andre-figueiredo-e-roberto-claudio-continuam-a-frente-do-pdt-apos-convencao-partidaria","status":"publish","type":"post","link":"https:\/\/blogdorogeriogomes.com.br\/noticias\/2019\/10\/andre-figueiredo-e-roberto-claudio-continuam-a-frente-do-pdt-apos-convencao-partidaria\/","title":{"rendered":"Andr\u00e9 Figueiredo e Roberto Cl\u00e1udio continuam \u00e0 frente do PDT ap\u00f3s conven\u00e7\u00e3o partid\u00e1ria"},"content":{"rendered":"<p><img loading=\"lazy\" decoding=\"async\" class=\"alignnone size-medium wp-image-14152\" src=\"http:\/\/blogdorogeriogomes.com.br\/wp-content\/uploads\/2019\/10\/img_4918-1024x768-300x225.jpg\" alt=\"img_4918-1024x768\" width=\"300\" height=\"225\" srcset=\"https:\/\/blogdorogeriogomes.com.br\/noticias\/wp-content\/uploads\/2019\/10\/img_4918-1024x768-300x225.jpg 300w, https:\/\/blogdorogeriogomes.com.br\/noticias\/wp-content\/uploads\/2019\/10\/img_4918-1024x768-768x576.jpg 768w, https:\/\/blogdorogeriogomes.com.br\/noticias\/wp-content\/uploads\/2019\/10\/img_4918-1024x768.jpg 1024w\" sizes=\"auto, (max-width: 300px) 100vw, 300px\" \/><\/p>\n<p>O prefeito de Fortaleza, Roberto Cl\u00e1udio, e o deputado federal Andr\u00e9 Figueiredo, foram reconduzidos \u00e0 presid\u00eancia do PDT em n\u00edvel municipal e estadual, respectivamente. Os dois v\u00e3o ter papel importante no processo eleitoral de 2020 quando ser\u00e3o eleitos novos prefeitos e vereadores.<br \/>\nA confirma\u00e7\u00e3o da lideran\u00e7a de Andr\u00e9 Figueiredo e Roberto Cl\u00e1udio se deu na conven\u00e7\u00e3o partid\u00e1ria do PDT realizada no s\u00e1bado, dia 5 de outubro, na Assembleia Legislativa, em Fortaleza.<\/p>\n","protected":false},"excerpt":{"rendered":"<p>O prefeito de Fortaleza, Roberto Cl\u00e1udio, e o deputado federal Andr\u00e9 Figueiredo, foram reconduzidos \u00e0 presid\u00eancia do PDT em n\u00edvel municipal e estadual, respectivamente. Os dois v\u00e3o ter papel importante no processo eleitoral de 2020 quando ser\u00e3o eleitos novos prefeitos e vereadores. A confirma\u00e7\u00e3o da lideran\u00e7a de Andr\u00e9 Figueiredo e Roberto Cl\u00e1udio se deu na conven\u00e7\u00e3o partid\u00e1ria do PDT realizada no s\u00e1bado, dia 5 de outubro, na Assembleia Legislativa, em Fortaleza.<\/p>\n","protected":false},"author":1,"featured_media":0,"comment_status":"open","ping_status":"open","sticky":false,"template":"","format":"standard","meta":{"footnotes":""},"categories":[1],"tags":[],"class_list":["post-14151","post","type-post","status-publish","format-standard","hentry","category-noticias"],"_links":{"self":[{"href":"https:\/\/blogdorogeriogomes.com.br\/noticias\/wp-json\/wp\/v2\/posts\/14151","targetHints":{"allow":["GET"]}}],"collection":[{"href":"https:\/\/blogdorogeriogomes.com.br\/noticias\/wp-json\/wp\/v2\/posts"}],"about":[{"href":"https:\/\/blogdorogeriogomes.com.br\/noticias\/wp-json\/wp\/v2\/types\/post"}],"author":[{"embeddable":true,"href":"https:\/\/blogdorogeriogomes.com.br\/noticias\/wp-json\/wp\/v2\/users\/1"}],"replies":[{"embeddable":true,"href":"https:\/\/blogdorogeriogomes.com.br\/noticias\/wp-json\/wp\/v2\/comments?post=14151"}],"version-history":[{"count":1,"href":"https:\/\/blogdorogeriogomes.com.br\/noticias\/wp-json\/wp\/v2\/posts\/14151\/revisions"}],"predecessor-version":[{"id":14153,"href":"https:\/\/blogdorogeriogomes.com.br\/noticias\/wp-json\/wp\/v2\/posts\/14151\/revisions\/14153"}],"wp:attachment":[{"href":"https:\/\/blogdorogeriogomes.com.br\/noticias\/wp-json\/wp\/v2\/media?parent=14151"}],"wp:term":[{"taxonomy":"category","embeddable":true,"href":"https:\/\/blogdorogeriogomes.com.br\/noticias\/wp-json\/wp\/v2\/categories?post=14151"},{"taxonomy":"post_tag","embeddable":true,"href":"https:\/\/blogdorogeriogomes.com.br\/noticias\/wp-json\/wp\/v2\/tags?post=14151"}],"curies":[{"name":"wp","href":"https:\/\/api.w.org\/{rel}","templated":true}]}}