{"id":14166,"date":"2019-10-08T08:59:05","date_gmt":"2019-10-08T08:59:05","guid":{"rendered":"http:\/\/blogdorogeriogomes.com.br\/?p=14166"},"modified":"2019-10-08T08:59:05","modified_gmt":"2019-10-08T08:59:05","slug":"tasso-jereissati-e-ciro-gomes-participam-de-debate-na-al-e-reforcam-criticas-ao-governo-bolsonaro","status":"publish","type":"post","link":"https:\/\/blogdorogeriogomes.com.br\/noticias\/2019\/10\/tasso-jereissati-e-ciro-gomes-participam-de-debate-na-al-e-reforcam-criticas-ao-governo-bolsonaro\/","title":{"rendered":"Tasso Jereissati e Ciro Gomes participam de debate na AL e refor\u00e7am cr\u00edticas ao Governo Bolsonaro"},"content":{"rendered":"<p><img loading=\"lazy\" decoding=\"async\" class=\"alignnone size-medium wp-image-14167\" src=\"http:\/\/blogdorogeriogomes.com.br\/wp-content\/uploads\/2019\/10\/be68e82c665f4acf0bdfd025b8110bc1_L-300x200.jpg\" alt=\"be68e82c665f4acf0bdfd025b8110bc1_L\" width=\"300\" height=\"200\" srcset=\"https:\/\/blogdorogeriogomes.com.br\/noticias\/wp-content\/uploads\/2019\/10\/be68e82c665f4acf0bdfd025b8110bc1_L-300x200.jpg 300w, https:\/\/blogdorogeriogomes.com.br\/noticias\/wp-content\/uploads\/2019\/10\/be68e82c665f4acf0bdfd025b8110bc1_L.jpg 400w\" sizes=\"auto, (max-width: 300px) 100vw, 300px\" \/><\/p>\n<p>As comemora\u00e7\u00f5es dos 30 anos da Constitui\u00e7\u00e3o Estadual reuniram em debate na Assembleia Legislativa, nesta segunda-feira, dia 7 de outubro, os ex-governadores do Cear\u00e1, Tasso Jereissati (PSDB) e Ciro Gomes. Antigos aliados pol\u00edticos, os dois concordam em um ponto no atual cen\u00e1rio: o Governo Bolsonaro flerta com o autoritarismo.<br \/>\nO senador Tasso Jereissati avalia &#8220;o Governo Federal aprofunda a desmoraliza\u00e7\u00e3o do Executivo como poder\u201d, assim como a rela\u00e7\u00e3o com o Poder Legislativo.<br \/>\nJ\u00e1 Ciro Gomes, a democracia brasileira est\u00e1 piorando rapidamente no contexto atual e apresenta estar no limite. &#8220;As estruturas est\u00e3o desmoronando e ainda vem por a\u00ed uma grande confus\u00e3o\u201d, prev\u00ea. Ciro afirma ser necess\u00e1ria a retomada da ideia de um projeto nacional.<\/p>\n","protected":false},"excerpt":{"rendered":"<p>As comemora\u00e7\u00f5es dos 30 anos da Constitui\u00e7\u00e3o Estadual reuniram em debate na Assembleia Legislativa, nesta segunda-feira, dia 7 de outubro, os ex-governadores do Cear\u00e1, Tasso Jereissati (PSDB) e Ciro Gomes. Antigos aliados pol\u00edticos, os dois concordam em um ponto no atual cen\u00e1rio: o Governo Bolsonaro flerta com o autoritarismo. O senador Tasso Jereissati avalia &#8220;o Governo Federal aprofunda a desmoraliza\u00e7\u00e3o do Executivo como poder\u201d, assim como a rela\u00e7\u00e3o com o Poder Legislativo. J\u00e1 Ciro Gomes, a democracia brasileira est\u00e1&hellip;<\/p>\n","protected":false},"author":1,"featured_media":0,"comment_status":"open","ping_status":"open","sticky":false,"template":"","format":"standard","meta":{"footnotes":""},"categories":[1],"tags":[],"class_list":["post-14166","post","type-post","status-publish","format-standard","hentry","category-noticias"],"_links":{"self":[{"href":"https:\/\/blogdorogeriogomes.com.br\/noticias\/wp-json\/wp\/v2\/posts\/14166","targetHints":{"allow":["GET"]}}],"collection":[{"href":"https:\/\/blogdorogeriogomes.com.br\/noticias\/wp-json\/wp\/v2\/posts"}],"about":[{"href":"https:\/\/blogdorogeriogomes.com.br\/noticias\/wp-json\/wp\/v2\/types\/post"}],"author":[{"embeddable":true,"href":"https:\/\/blogdorogeriogomes.com.br\/noticias\/wp-json\/wp\/v2\/users\/1"}],"replies":[{"embeddable":true,"href":"https:\/\/blogdorogeriogomes.com.br\/noticias\/wp-json\/wp\/v2\/comments?post=14166"}],"version-history":[{"count":1,"href":"https:\/\/blogdorogeriogomes.com.br\/noticias\/wp-json\/wp\/v2\/posts\/14166\/revisions"}],"predecessor-version":[{"id":14168,"href":"https:\/\/blogdorogeriogomes.com.br\/noticias\/wp-json\/wp\/v2\/posts\/14166\/revisions\/14168"}],"wp:attachment":[{"href":"https:\/\/blogdorogeriogomes.com.br\/noticias\/wp-json\/wp\/v2\/media?parent=14166"}],"wp:term":[{"taxonomy":"category","embeddable":true,"href":"https:\/\/blogdorogeriogomes.com.br\/noticias\/wp-json\/wp\/v2\/categories?post=14166"},{"taxonomy":"post_tag","embeddable":true,"href":"https:\/\/blogdorogeriogomes.com.br\/noticias\/wp-json\/wp\/v2\/tags?post=14166"}],"curies":[{"name":"wp","href":"https:\/\/api.w.org\/{rel}","templated":true}]}}